{"id":853,"date":"2023-07-05T18:56:18","date_gmt":"2023-07-05T18:56:18","guid":{"rendered":"https:\/\/amipaiessantmarcal.org\/?p=853"},"modified":"2023-07-05T18:56:19","modified_gmt":"2023-07-05T18:56:19","slug":"comiat-dalguns-membres-de-la-junta","status":"publish","type":"post","link":"https:\/\/amipaiessantmarcal.org\/index.php\/2023\/07\/05\/comiat-dalguns-membres-de-la-junta\/","title":{"rendered":"Comiat d&#8217;alguns membres de la junta"},"content":{"rendered":"\n<p>Hola fam\u00edlies: <\/p>\n\n\n\n<p>Com sabeu, fa uns dies, es va renovar la junta de l\u2019AMIPA de l&#8217;IES. Els ja exmembres Salvador Roca, Catalina Mascar\u00f3 i M. Carmen Le\u00f3n han deixat el seu c\u00e0rrec despr\u00e9s de  molts d&#8217;anys de dedicaci\u00f3 a l&#8217;associaci\u00f3. <\/p>\n\n\n\n<p>Durant els \u00faltims anys han dedicat hores del seu temps de manera altruista i desinteressada per intentar millorar l&#8217;educaci\u00f3 dels nostres fills i filles. Ho han fet compartint converses, esfor\u00e7os, rialles i tamb\u00e9 alguna desil\u00b7lusi\u00f3. Aix\u00f2 no obstant, ho han fet amb tota la for\u00e7a i les ganes del m\u00f3n. Ara marxen amb la tranquil\u00b7litat de deixar l\u2019associaci\u00f3 en bones mans.<\/p>\n\n\n\n<p>Des d&#8217;aqu\u00ed nom\u00e9s podem agrair-los la feina feta i el bon tarann\u00e0 que han mostrat sempre.<\/p>\n\n\n\n<p>Molta sort en tot el que feu.<\/p>\n\n\n\n<p>Junta de l&#8217;AMIPA IES Sant Mar\u00e7al<\/p>\n","protected":false},"excerpt":{"rendered":"<p>Hola fam\u00edlies: Com sabeu, fa uns dies, es va renovar la junta de l\u2019AMIPA de l&#8217;IES. Els ja exmembres Salvador Roca, Catalina Mascar\u00f3 i M. Carmen Le\u00f3n han deixat el seu c\u00e0rrec despr\u00e9s de molts d&#8217;anys de dedicaci\u00f3 a l&#8217;associaci\u00f3. Durant els \u00faltims anys han dedicat hores del seu temps de manera altruista i desinteressada &hellip; <\/p>\n<p class=\"link-more\"><a href=\"https:\/\/amipaiessantmarcal.org\/index.php\/2023\/07\/05\/comiat-dalguns-membres-de-la-junta\/\" class=\"more-link\">Continuar leyendo<span class=\"screen-reader-text\"> \u00abComiat d&#8217;alguns membres de la junta\u00bb<\/span><\/a><\/p>\n","protected":false},"author":1,"featured_media":0,"comment_status":"open","ping_status":"open","sticky":false,"template":"","format":"standard","meta":{"footnotes":""},"categories":[14,12,13],"tags":[],"class_list":["post-853","post","type-post","status-publish","format-standard","hentry","category-informacions-varies","category-noticies","category-reunions-junta"],"yoast_head":"<!-- This site is optimized with the Yoast SEO plugin v24.3 - https:\/\/yoast.com\/wordpress\/plugins\/seo\/ -->\n<title>Comiat d&#039;alguns membres de la junta - AFA IES SANT MAR\u00c7AL<\/title>\n<meta name=\"robots\" content=\"index, follow, max-snippet:-1, max-image-preview:large, max-video-preview:-1\" \/>\n<link rel=\"canonical\" href=\"https:\/\/amipaiessantmarcal.org\/index.php\/2023\/07\/05\/comiat-dalguns-membres-de-la-junta\/\" \/>\n<meta property=\"og:locale\" content=\"es_ES\" \/>\n<meta property=\"og:type\" content=\"article\" \/>\n<meta property=\"og:title\" content=\"Comiat d&#039;alguns membres de la junta - AFA IES SANT MAR\u00c7AL\" \/>\n<meta property=\"og:description\" content=\"Hola fam\u00edlies: Com sabeu, fa uns dies, es va renovar la junta de l\u2019AMIPA de l&#8217;IES. Els ja exmembres Salvador Roca, Catalina Mascar\u00f3 i M. Carmen Le\u00f3n han deixat el seu c\u00e0rrec despr\u00e9s de molts d&#8217;anys de dedicaci\u00f3 a l&#8217;associaci\u00f3. Durant els \u00faltims anys han dedicat hores del seu temps de manera altruista i desinteressada &hellip; Continuar leyendo &quot;Comiat d&#8217;alguns membres de la junta&quot;\" \/>\n<meta property=\"og:url\" content=\"https:\/\/amipaiessantmarcal.org\/index.php\/2023\/07\/05\/comiat-dalguns-membres-de-la-junta\/\" \/>\n<meta property=\"og:site_name\" content=\"AFA IES SANT MAR\u00c7AL\" \/>\n<meta property=\"article:published_time\" content=\"2023-07-05T18:56:18+00:00\" \/>\n<meta property=\"article:modified_time\" content=\"2023-07-05T18:56:19+00:00\" \/>\n<meta name=\"author\" content=\"admin\" \/>\n<meta name=\"twitter:card\" content=\"summary_large_image\" \/>\n<meta name=\"twitter:label1\" content=\"Escrito por\" \/>\n\t<meta name=\"twitter:data1\" content=\"admin\" \/>\n\t<meta name=\"twitter:label2\" content=\"Tiempo de lectura\" \/>\n\t<meta name=\"twitter:data2\" content=\"1 minuto\" \/>\n<script type=\"application\/ld+json\" class=\"yoast-schema-graph\">{\"@context\":\"https:\/\/schema.org\",\"@graph\":[{\"@type\":\"Article\",\"@id\":\"https:\/\/amipaiessantmarcal.org\/index.php\/2023\/07\/05\/comiat-dalguns-membres-de-la-junta\/#article\",\"isPartOf\":{\"@id\":\"https:\/\/amipaiessantmarcal.org\/index.php\/2023\/07\/05\/comiat-dalguns-membres-de-la-junta\/\"},\"author\":{\"name\":\"admin\",\"@id\":\"https:\/\/amipaiessantmarcal.org\/#\/schema\/person\/31ab78cbb0806981fac9e7ae368301e6\"},\"headline\":\"Comiat d&#8217;alguns membres de la junta\",\"datePublished\":\"2023-07-05T18:56:18+00:00\",\"dateModified\":\"2023-07-05T18:56:19+00:00\",\"mainEntityOfPage\":{\"@id\":\"https:\/\/amipaiessantmarcal.org\/index.php\/2023\/07\/05\/comiat-dalguns-membres-de-la-junta\/\"},\"wordCount\":149,\"commentCount\":0,\"publisher\":{\"@id\":\"https:\/\/amipaiessantmarcal.org\/#organization\"},\"articleSection\":[\"Informacions varies\",\"Noticies\",\"Reunions junta\"],\"inLanguage\":\"es\",\"potentialAction\":[{\"@type\":\"CommentAction\",\"name\":\"Comment\",\"target\":[\"https:\/\/amipaiessantmarcal.org\/index.php\/2023\/07\/05\/comiat-dalguns-membres-de-la-junta\/#respond\"]}]},{\"@type\":\"WebPage\",\"@id\":\"https:\/\/amipaiessantmarcal.org\/index.php\/2023\/07\/05\/comiat-dalguns-membres-de-la-junta\/\",\"url\":\"https:\/\/amipaiessantmarcal.org\/index.php\/2023\/07\/05\/comiat-dalguns-membres-de-la-junta\/\",\"name\":\"Comiat d'alguns membres de la junta - AFA IES SANT MAR\u00c7AL\",\"isPartOf\":{\"@id\":\"https:\/\/amipaiessantmarcal.org\/#website\"},\"datePublished\":\"2023-07-05T18:56:18+00:00\",\"dateModified\":\"2023-07-05T18:56:19+00:00\",\"breadcrumb\":{\"@id\":\"https:\/\/amipaiessantmarcal.org\/index.php\/2023\/07\/05\/comiat-dalguns-membres-de-la-junta\/#breadcrumb\"},\"inLanguage\":\"es\",\"potentialAction\":[{\"@type\":\"ReadAction\",\"target\":[\"https:\/\/amipaiessantmarcal.org\/index.php\/2023\/07\/05\/comiat-dalguns-membres-de-la-junta\/\"]}]},{\"@type\":\"BreadcrumbList\",\"@id\":\"https:\/\/amipaiessantmarcal.org\/index.php\/2023\/07\/05\/comiat-dalguns-membres-de-la-junta\/#breadcrumb\",\"itemListElement\":[{\"@type\":\"ListItem\",\"position\":1,\"name\":\"Home\",\"item\":\"https:\/\/amipaiessantmarcal.org\/\"},{\"@type\":\"ListItem\",\"position\":2,\"name\":\"Comiat d&#8217;alguns membres de la junta\"}]},{\"@type\":\"WebSite\",\"@id\":\"https:\/\/amipaiessantmarcal.org\/#website\",\"url\":\"https:\/\/amipaiessantmarcal.org\/\",\"name\":\"AFA IES SANT MAR\u00c7AL\",\"description\":\"Associaci\u00f3 de Fam\u00edlies de l&#039;Institut de Sant Mar\u00e7al, Marratxi.\",\"publisher\":{\"@id\":\"https:\/\/amipaiessantmarcal.org\/#organization\"},\"potentialAction\":[{\"@type\":\"SearchAction\",\"target\":{\"@type\":\"EntryPoint\",\"urlTemplate\":\"https:\/\/amipaiessantmarcal.org\/?s={search_term_string}\"},\"query-input\":{\"@type\":\"PropertyValueSpecification\",\"valueRequired\":true,\"valueName\":\"search_term_string\"}}],\"inLanguage\":\"es\"},{\"@type\":\"Organization\",\"@id\":\"https:\/\/amipaiessantmarcal.org\/#organization\",\"name\":\"AFA IES SANT MAR\u00c7AL\",\"url\":\"https:\/\/amipaiessantmarcal.org\/\",\"logo\":{\"@type\":\"ImageObject\",\"inLanguage\":\"es\",\"@id\":\"https:\/\/amipaiessantmarcal.org\/#\/schema\/logo\/image\/\",\"url\":\"https:\/\/amipaiessantmarcal.org\/wp-content\/uploads\/2025\/06\/cropped-Logo-04.jpg\",\"contentUrl\":\"https:\/\/amipaiessantmarcal.org\/wp-content\/uploads\/2025\/06\/cropped-Logo-04.jpg\",\"width\":189,\"height\":250,\"caption\":\"AFA IES SANT MAR\u00c7AL\"},\"image\":{\"@id\":\"https:\/\/amipaiessantmarcal.org\/#\/schema\/logo\/image\/\"}},{\"@type\":\"Person\",\"@id\":\"https:\/\/amipaiessantmarcal.org\/#\/schema\/person\/31ab78cbb0806981fac9e7ae368301e6\",\"name\":\"admin\",\"image\":{\"@type\":\"ImageObject\",\"inLanguage\":\"es\",\"@id\":\"https:\/\/amipaiessantmarcal.org\/#\/schema\/person\/image\/\",\"url\":\"https:\/\/secure.gravatar.com\/avatar\/7cb5fd617fbb3e84ce94bfa3896f4a86?s=96&d=mm&r=g\",\"contentUrl\":\"https:\/\/secure.gravatar.com\/avatar\/7cb5fd617fbb3e84ce94bfa3896f4a86?s=96&d=mm&r=g\",\"caption\":\"admin\"},\"url\":\"https:\/\/amipaiessantmarcal.org\/index.php\/author\/amipaiessantmarcal\/\"}]}<\/script>\n<!-- \/ Yoast SEO plugin. -->","yoast_head_json":{"title":"Comiat d'alguns membres de la junta - AFA IES SANT MAR\u00c7AL","robots":{"index":"index","follow":"follow","max-snippet":"max-snippet:-1","max-image-preview":"max-image-preview:large","max-video-preview":"max-video-preview:-1"},"canonical":"https:\/\/amipaiessantmarcal.org\/index.php\/2023\/07\/05\/comiat-dalguns-membres-de-la-junta\/","og_locale":"es_ES","og_type":"article","og_title":"Comiat d'alguns membres de la junta - AFA IES SANT MAR\u00c7AL","og_description":"Hola fam\u00edlies: Com sabeu, fa uns dies, es va renovar la junta de l\u2019AMIPA de l&#8217;IES. Els ja exmembres Salvador Roca, Catalina Mascar\u00f3 i M. Carmen Le\u00f3n han deixat el seu c\u00e0rrec despr\u00e9s de molts d&#8217;anys de dedicaci\u00f3 a l&#8217;associaci\u00f3. Durant els \u00faltims anys han dedicat hores del seu temps de manera altruista i desinteressada &hellip; Continuar leyendo \"Comiat d&#8217;alguns membres de la junta\"","og_url":"https:\/\/amipaiessantmarcal.org\/index.php\/2023\/07\/05\/comiat-dalguns-membres-de-la-junta\/","og_site_name":"AFA IES SANT MAR\u00c7AL","article_published_time":"2023-07-05T18:56:18+00:00","article_modified_time":"2023-07-05T18:56:19+00:00","author":"admin","twitter_card":"summary_large_image","twitter_misc":{"Escrito por":"admin","Tiempo de lectura":"1 minuto"},"schema":{"@context":"https:\/\/schema.org","@graph":[{"@type":"Article","@id":"https:\/\/amipaiessantmarcal.org\/index.php\/2023\/07\/05\/comiat-dalguns-membres-de-la-junta\/#article","isPartOf":{"@id":"https:\/\/amipaiessantmarcal.org\/index.php\/2023\/07\/05\/comiat-dalguns-membres-de-la-junta\/"},"author":{"name":"admin","@id":"https:\/\/amipaiessantmarcal.org\/#\/schema\/person\/31ab78cbb0806981fac9e7ae368301e6"},"headline":"Comiat d&#8217;alguns membres de la junta","datePublished":"2023-07-05T18:56:18+00:00","dateModified":"2023-07-05T18:56:19+00:00","mainEntityOfPage":{"@id":"https:\/\/amipaiessantmarcal.org\/index.php\/2023\/07\/05\/comiat-dalguns-membres-de-la-junta\/"},"wordCount":149,"commentCount":0,"publisher":{"@id":"https:\/\/amipaiessantmarcal.org\/#organization"},"articleSection":["Informacions varies","Noticies","Reunions junta"],"inLanguage":"es","potentialAction":[{"@type":"CommentAction","name":"Comment","target":["https:\/\/amipaiessantmarcal.org\/index.php\/2023\/07\/05\/comiat-dalguns-membres-de-la-junta\/#respond"]}]},{"@type":"WebPage","@id":"https:\/\/amipaiessantmarcal.org\/index.php\/2023\/07\/05\/comiat-dalguns-membres-de-la-junta\/","url":"https:\/\/amipaiessantmarcal.org\/index.php\/2023\/07\/05\/comiat-dalguns-membres-de-la-junta\/","name":"Comiat d'alguns membres de la junta - AFA IES SANT MAR\u00c7AL","isPartOf":{"@id":"https:\/\/amipaiessantmarcal.org\/#website"},"datePublished":"2023-07-05T18:56:18+00:00","dateModified":"2023-07-05T18:56:19+00:00","breadcrumb":{"@id":"https:\/\/amipaiessantmarcal.org\/index.php\/2023\/07\/05\/comiat-dalguns-membres-de-la-junta\/#breadcrumb"},"inLanguage":"es","potentialAction":[{"@type":"ReadAction","target":["https:\/\/amipaiessantmarcal.org\/index.php\/2023\/07\/05\/comiat-dalguns-membres-de-la-junta\/"]}]},{"@type":"BreadcrumbList","@id":"https:\/\/amipaiessantmarcal.org\/index.php\/2023\/07\/05\/comiat-dalguns-membres-de-la-junta\/#breadcrumb","itemListElement":[{"@type":"ListItem","position":1,"name":"Home","item":"https:\/\/amipaiessantmarcal.org\/"},{"@type":"ListItem","position":2,"name":"Comiat d&#8217;alguns membres de la junta"}]},{"@type":"WebSite","@id":"https:\/\/amipaiessantmarcal.org\/#website","url":"https:\/\/amipaiessantmarcal.org\/","name":"AFA IES SANT MAR\u00c7AL","description":"Associaci\u00f3 de Fam\u00edlies de l&#039;Institut de Sant Mar\u00e7al, Marratxi.","publisher":{"@id":"https:\/\/amipaiessantmarcal.org\/#organization"},"potentialAction":[{"@type":"SearchAction","target":{"@type":"EntryPoint","urlTemplate":"https:\/\/amipaiessantmarcal.org\/?s={search_term_string}"},"query-input":{"@type":"PropertyValueSpecification","valueRequired":true,"valueName":"search_term_string"}}],"inLanguage":"es"},{"@type":"Organization","@id":"https:\/\/amipaiessantmarcal.org\/#organization","name":"AFA IES SANT MAR\u00c7AL","url":"https:\/\/amipaiessantmarcal.org\/","logo":{"@type":"ImageObject","inLanguage":"es","@id":"https:\/\/amipaiessantmarcal.org\/#\/schema\/logo\/image\/","url":"https:\/\/amipaiessantmarcal.org\/wp-content\/uploads\/2025\/06\/cropped-Logo-04.jpg","contentUrl":"https:\/\/amipaiessantmarcal.org\/wp-content\/uploads\/2025\/06\/cropped-Logo-04.jpg","width":189,"height":250,"caption":"AFA IES SANT MAR\u00c7AL"},"image":{"@id":"https:\/\/amipaiessantmarcal.org\/#\/schema\/logo\/image\/"}},{"@type":"Person","@id":"https:\/\/amipaiessantmarcal.org\/#\/schema\/person\/31ab78cbb0806981fac9e7ae368301e6","name":"admin","image":{"@type":"ImageObject","inLanguage":"es","@id":"https:\/\/amipaiessantmarcal.org\/#\/schema\/person\/image\/","url":"https:\/\/secure.gravatar.com\/avatar\/7cb5fd617fbb3e84ce94bfa3896f4a86?s=96&d=mm&r=g","contentUrl":"https:\/\/secure.gravatar.com\/avatar\/7cb5fd617fbb3e84ce94bfa3896f4a86?s=96&d=mm&r=g","caption":"admin"},"url":"https:\/\/amipaiessantmarcal.org\/index.php\/author\/amipaiessantmarcal\/"}]}},"_links":{"self":[{"href":"https:\/\/amipaiessantmarcal.org\/index.php\/wp-json\/wp\/v2\/posts\/853","targetHints":{"allow":["GET"]}}],"collection":[{"href":"https:\/\/amipaiessantmarcal.org\/index.php\/wp-json\/wp\/v2\/posts"}],"about":[{"href":"https:\/\/amipaiessantmarcal.org\/index.php\/wp-json\/wp\/v2\/types\/post"}],"author":[{"embeddable":true,"href":"https:\/\/amipaiessantmarcal.org\/index.php\/wp-json\/wp\/v2\/users\/1"}],"replies":[{"embeddable":true,"href":"https:\/\/amipaiessantmarcal.org\/index.php\/wp-json\/wp\/v2\/comments?post=853"}],"version-history":[{"count":2,"href":"https:\/\/amipaiessantmarcal.org\/index.php\/wp-json\/wp\/v2\/posts\/853\/revisions"}],"predecessor-version":[{"id":871,"href":"https:\/\/amipaiessantmarcal.org\/index.php\/wp-json\/wp\/v2\/posts\/853\/revisions\/871"}],"wp:attachment":[{"href":"https:\/\/amipaiessantmarcal.org\/index.php\/wp-json\/wp\/v2\/media?parent=853"}],"wp:term":[{"taxonomy":"category","embeddable":true,"href":"https:\/\/amipaiessantmarcal.org\/index.php\/wp-json\/wp\/v2\/categories?post=853"},{"taxonomy":"post_tag","embeddable":true,"href":"https:\/\/amipaiessantmarcal.org\/index.php\/wp-json\/wp\/v2\/tags?post=853"}],"curies":[{"name":"wp","href":"https:\/\/api.w.org\/{rel}","templated":true}]}}