{"id":304,"date":"2022-05-03T13:50:36","date_gmt":"2022-05-03T13:50:36","guid":{"rendered":"https:\/\/amipaiessantmarcal.org\/?p=304"},"modified":"2022-05-03T13:51:31","modified_gmt":"2022-05-03T13:51:31","slug":"tallers-paticipatius-de-lajuntament-de-marratxi","status":"publish","type":"post","link":"https:\/\/amipaiessantmarcal.org\/index.php\/2022\/05\/03\/tallers-paticipatius-de-lajuntament-de-marratxi\/","title":{"rendered":"TALLERS PATICIPATIUS DE L&#8217;AJUNTAMENT DE MARRATX\u00cd"},"content":{"rendered":"\n<p>Des de l&#8217;\u00c0rea de Joventut del municipi s&#8217;est\u00e0 elaborant el Pla Municipal d&#8217;Adolesc\u00e8ncia i joventut,  Durant el 2021 se va realitzar una Diagnosis social de la situaci\u00f3 dels adolescents i joves del municipi. Despr\u00e9s de compilar i tractar les dades se varen obtenir unes conclusions, necessitats que varen expressar a les associacions d&#8217;adolescents i joves.<\/p>\n\n\n\n<p>1.- Necessitat d&#8217;un Pla de Comunicaci\u00f3 jove.<\/p>\n\n\n\n<p>2.- Acompanyament i formaci\u00f3 a l&#8217;\u00e0mbit laboral.<\/p>\n\n\n\n<p>3.- Suport i coordinaci\u00f3 entre els diferents actors juvenils del municipi (associacionisme lleure).<\/p>\n\n\n\n<p>4.- La elaboraci\u00f3 d\u2019un Pla Local de Joventut<\/p>\n\n\n\n<p>La metodologia d\u2019elaboraci\u00f3 del Pla contempla una experi\u00e8ncia generalitzada de compartir el proc\u00e9s d\u2019elaboraci\u00f3 del Pla amb les entitats formals, informals i els adolescents i joves en general.<\/p>\n\n\n\n<p><strong><u>Amb aquest objectiu<\/u><\/strong>:<\/p>\n\n\n\n<p>Volem reunir\u00a0 als adolescents i joves perqu\u00e8 ens diguin el que pensen, quines iniciatives, projectes i recursos creuen que son necessaris contemplar. Es tracta de realitzar un feedback amb ells. Per aquest motiu us convidam a venir als tallers participatius:<\/p>\n\n\n\n<p>DIA 10 DE MAIG A LES 17:30 SAL\u00d3 DE PLENS DEL AJUNTAMENT SA CABANETA.<\/p>\n\n\n\n<p>DIA 10 DE MAIG A LES 19:30 ESPAI JOVE P\u00d2RTOL<\/p>\n\n\n\n<figure class=\"wp-block-image is-resized\"><img loading=\"lazy\" decoding=\"async\" src=\"https:\/\/ci6.googleusercontent.com\/proxy\/dx2EiyQyNYFIRYAfB8bFZYbjw0YPCMsy5sc2WXnTQkKC7shdA_gzB_OPAYSeUYCKq7xFedWiNCqt3Wh-k9dD8ePBXcUYaPJVoEwkFUa9Mns=s0-d-e1-ft#http:\/\/ajuntament.marratxi.es\/img\/EscutCurtMagenta_emails.png\" alt=\"\" width=\"236\" height=\"100\"\/><\/figure>\n\n\n\n<p><\/p>\n","protected":false},"excerpt":{"rendered":"<p>Des de l&#8217;\u00c0rea de Joventut del municipi s&#8217;est\u00e0 elaborant el Pla Municipal d&#8217;Adolesc\u00e8ncia i joventut, Durant el 2021 se va realitzar una Diagnosis social de la situaci\u00f3 dels adolescents i joves del municipi. Despr\u00e9s de compilar i tractar les dades se varen obtenir unes conclusions, necessitats que varen expressar a les associacions d&#8217;adolescents i joves. &hellip; <\/p>\n<p class=\"link-more\"><a href=\"https:\/\/amipaiessantmarcal.org\/index.php\/2022\/05\/03\/tallers-paticipatius-de-lajuntament-de-marratxi\/\" class=\"more-link\">Continuar leyendo<span class=\"screen-reader-text\"> \u00abTALLERS PATICIPATIUS DE L&#8217;AJUNTAMENT DE MARRATX\u00cd\u00bb<\/span><\/a><\/p>\n","protected":false},"author":1,"featured_media":0,"comment_status":"open","ping_status":"open","sticky":false,"template":"","format":"standard","meta":{"footnotes":""},"categories":[14,12],"tags":[],"class_list":["post-304","post","type-post","status-publish","format-standard","hentry","category-informacions-varies","category-noticies"],"yoast_head":"<!-- This site is optimized with the Yoast SEO plugin v24.3 - https:\/\/yoast.com\/wordpress\/plugins\/seo\/ -->\n<title>TALLERS PATICIPATIUS DE L&#039;AJUNTAMENT DE MARRATX\u00cd - AFA IES SANT MAR\u00c7AL<\/title>\n<meta name=\"robots\" content=\"index, follow, max-snippet:-1, max-image-preview:large, max-video-preview:-1\" \/>\n<link rel=\"canonical\" href=\"https:\/\/amipaiessantmarcal.org\/index.php\/2022\/05\/03\/tallers-paticipatius-de-lajuntament-de-marratxi\/\" \/>\n<meta property=\"og:locale\" content=\"es_ES\" \/>\n<meta property=\"og:type\" content=\"article\" \/>\n<meta property=\"og:title\" content=\"TALLERS PATICIPATIUS DE L&#039;AJUNTAMENT DE MARRATX\u00cd - AFA IES SANT MAR\u00c7AL\" \/>\n<meta property=\"og:description\" content=\"Des de l&#8217;\u00c0rea de Joventut del municipi s&#8217;est\u00e0 elaborant el Pla Municipal d&#8217;Adolesc\u00e8ncia i joventut, Durant el 2021 se va realitzar una Diagnosis social de la situaci\u00f3 dels adolescents i joves del municipi. Despr\u00e9s de compilar i tractar les dades se varen obtenir unes conclusions, necessitats que varen expressar a les associacions d&#8217;adolescents i joves. &hellip; Continuar leyendo &quot;TALLERS PATICIPATIUS DE L&#8217;AJUNTAMENT DE MARRATX\u00cd&quot;\" \/>\n<meta property=\"og:url\" content=\"https:\/\/amipaiessantmarcal.org\/index.php\/2022\/05\/03\/tallers-paticipatius-de-lajuntament-de-marratxi\/\" \/>\n<meta property=\"og:site_name\" content=\"AFA IES SANT MAR\u00c7AL\" \/>\n<meta property=\"article:published_time\" content=\"2022-05-03T13:50:36+00:00\" \/>\n<meta property=\"article:modified_time\" content=\"2022-05-03T13:51:31+00:00\" \/>\n<meta property=\"og:image\" content=\"https:\/\/ci6.googleusercontent.com\/proxy\/dx2EiyQyNYFIRYAfB8bFZYbjw0YPCMsy5sc2WXnTQkKC7shdA_gzB_OPAYSeUYCKq7xFedWiNCqt3Wh-k9dD8ePBXcUYaPJVoEwkFUa9Mns=s0-d-e1-ft#http:\/\/ajuntament.marratxi.es\/img\/EscutCurtMagenta_emails.png\" \/>\n<meta name=\"author\" content=\"admin\" \/>\n<meta name=\"twitter:card\" content=\"summary_large_image\" \/>\n<meta name=\"twitter:label1\" content=\"Escrito por\" \/>\n\t<meta name=\"twitter:data1\" content=\"admin\" \/>\n\t<meta name=\"twitter:label2\" content=\"Tiempo de lectura\" \/>\n\t<meta name=\"twitter:data2\" content=\"2 minutos\" \/>\n<script type=\"application\/ld+json\" class=\"yoast-schema-graph\">{\"@context\":\"https:\/\/schema.org\",\"@graph\":[{\"@type\":\"Article\",\"@id\":\"https:\/\/amipaiessantmarcal.org\/index.php\/2022\/05\/03\/tallers-paticipatius-de-lajuntament-de-marratxi\/#article\",\"isPartOf\":{\"@id\":\"https:\/\/amipaiessantmarcal.org\/index.php\/2022\/05\/03\/tallers-paticipatius-de-lajuntament-de-marratxi\/\"},\"author\":{\"name\":\"admin\",\"@id\":\"https:\/\/amipaiessantmarcal.org\/#\/schema\/person\/31ab78cbb0806981fac9e7ae368301e6\"},\"headline\":\"TALLERS PATICIPATIUS DE L&#8217;AJUNTAMENT DE MARRATX\u00cd\",\"datePublished\":\"2022-05-03T13:50:36+00:00\",\"dateModified\":\"2022-05-03T13:51:31+00:00\",\"mainEntityOfPage\":{\"@id\":\"https:\/\/amipaiessantmarcal.org\/index.php\/2022\/05\/03\/tallers-paticipatius-de-lajuntament-de-marratxi\/\"},\"wordCount\":196,\"commentCount\":0,\"publisher\":{\"@id\":\"https:\/\/amipaiessantmarcal.org\/#organization\"},\"image\":{\"@id\":\"https:\/\/amipaiessantmarcal.org\/index.php\/2022\/05\/03\/tallers-paticipatius-de-lajuntament-de-marratxi\/#primaryimage\"},\"thumbnailUrl\":\"https:\/\/ci6.googleusercontent.com\/proxy\/dx2EiyQyNYFIRYAfB8bFZYbjw0YPCMsy5sc2WXnTQkKC7shdA_gzB_OPAYSeUYCKq7xFedWiNCqt3Wh-k9dD8ePBXcUYaPJVoEwkFUa9Mns=s0-d-e1-ft#http:\/\/ajuntament.marratxi.es\/img\/EscutCurtMagenta_emails.png\",\"articleSection\":[\"Informacions varies\",\"Noticies\"],\"inLanguage\":\"es\",\"potentialAction\":[{\"@type\":\"CommentAction\",\"name\":\"Comment\",\"target\":[\"https:\/\/amipaiessantmarcal.org\/index.php\/2022\/05\/03\/tallers-paticipatius-de-lajuntament-de-marratxi\/#respond\"]}]},{\"@type\":\"WebPage\",\"@id\":\"https:\/\/amipaiessantmarcal.org\/index.php\/2022\/05\/03\/tallers-paticipatius-de-lajuntament-de-marratxi\/\",\"url\":\"https:\/\/amipaiessantmarcal.org\/index.php\/2022\/05\/03\/tallers-paticipatius-de-lajuntament-de-marratxi\/\",\"name\":\"TALLERS PATICIPATIUS DE L'AJUNTAMENT DE MARRATX\u00cd - AFA IES SANT MAR\u00c7AL\",\"isPartOf\":{\"@id\":\"https:\/\/amipaiessantmarcal.org\/#website\"},\"primaryImageOfPage\":{\"@id\":\"https:\/\/amipaiessantmarcal.org\/index.php\/2022\/05\/03\/tallers-paticipatius-de-lajuntament-de-marratxi\/#primaryimage\"},\"image\":{\"@id\":\"https:\/\/amipaiessantmarcal.org\/index.php\/2022\/05\/03\/tallers-paticipatius-de-lajuntament-de-marratxi\/#primaryimage\"},\"thumbnailUrl\":\"https:\/\/ci6.googleusercontent.com\/proxy\/dx2EiyQyNYFIRYAfB8bFZYbjw0YPCMsy5sc2WXnTQkKC7shdA_gzB_OPAYSeUYCKq7xFedWiNCqt3Wh-k9dD8ePBXcUYaPJVoEwkFUa9Mns=s0-d-e1-ft#http:\/\/ajuntament.marratxi.es\/img\/EscutCurtMagenta_emails.png\",\"datePublished\":\"2022-05-03T13:50:36+00:00\",\"dateModified\":\"2022-05-03T13:51:31+00:00\",\"breadcrumb\":{\"@id\":\"https:\/\/amipaiessantmarcal.org\/index.php\/2022\/05\/03\/tallers-paticipatius-de-lajuntament-de-marratxi\/#breadcrumb\"},\"inLanguage\":\"es\",\"potentialAction\":[{\"@type\":\"ReadAction\",\"target\":[\"https:\/\/amipaiessantmarcal.org\/index.php\/2022\/05\/03\/tallers-paticipatius-de-lajuntament-de-marratxi\/\"]}]},{\"@type\":\"ImageObject\",\"inLanguage\":\"es\",\"@id\":\"https:\/\/amipaiessantmarcal.org\/index.php\/2022\/05\/03\/tallers-paticipatius-de-lajuntament-de-marratxi\/#primaryimage\",\"url\":\"https:\/\/ci6.googleusercontent.com\/proxy\/dx2EiyQyNYFIRYAfB8bFZYbjw0YPCMsy5sc2WXnTQkKC7shdA_gzB_OPAYSeUYCKq7xFedWiNCqt3Wh-k9dD8ePBXcUYaPJVoEwkFUa9Mns=s0-d-e1-ft#http:\/\/ajuntament.marratxi.es\/img\/EscutCurtMagenta_emails.png\",\"contentUrl\":\"https:\/\/ci6.googleusercontent.com\/proxy\/dx2EiyQyNYFIRYAfB8bFZYbjw0YPCMsy5sc2WXnTQkKC7shdA_gzB_OPAYSeUYCKq7xFedWiNCqt3Wh-k9dD8ePBXcUYaPJVoEwkFUa9Mns=s0-d-e1-ft#http:\/\/ajuntament.marratxi.es\/img\/EscutCurtMagenta_emails.png\"},{\"@type\":\"BreadcrumbList\",\"@id\":\"https:\/\/amipaiessantmarcal.org\/index.php\/2022\/05\/03\/tallers-paticipatius-de-lajuntament-de-marratxi\/#breadcrumb\",\"itemListElement\":[{\"@type\":\"ListItem\",\"position\":1,\"name\":\"Home\",\"item\":\"https:\/\/amipaiessantmarcal.org\/\"},{\"@type\":\"ListItem\",\"position\":2,\"name\":\"TALLERS PATICIPATIUS DE L&#8217;AJUNTAMENT DE MARRATX\u00cd\"}]},{\"@type\":\"WebSite\",\"@id\":\"https:\/\/amipaiessantmarcal.org\/#website\",\"url\":\"https:\/\/amipaiessantmarcal.org\/\",\"name\":\"AFA IES SANT MAR\u00c7AL\",\"description\":\"Associaci\u00f3 de Fam\u00edlies de l&#039;Institut de Sant Mar\u00e7al, Marratxi.\",\"publisher\":{\"@id\":\"https:\/\/amipaiessantmarcal.org\/#organization\"},\"potentialAction\":[{\"@type\":\"SearchAction\",\"target\":{\"@type\":\"EntryPoint\",\"urlTemplate\":\"https:\/\/amipaiessantmarcal.org\/?s={search_term_string}\"},\"query-input\":{\"@type\":\"PropertyValueSpecification\",\"valueRequired\":true,\"valueName\":\"search_term_string\"}}],\"inLanguage\":\"es\"},{\"@type\":\"Organization\",\"@id\":\"https:\/\/amipaiessantmarcal.org\/#organization\",\"name\":\"AFA IES SANT MAR\u00c7AL\",\"url\":\"https:\/\/amipaiessantmarcal.org\/\",\"logo\":{\"@type\":\"ImageObject\",\"inLanguage\":\"es\",\"@id\":\"https:\/\/amipaiessantmarcal.org\/#\/schema\/logo\/image\/\",\"url\":\"https:\/\/amipaiessantmarcal.org\/wp-content\/uploads\/2025\/06\/cropped-Logo-04.jpg\",\"contentUrl\":\"https:\/\/amipaiessantmarcal.org\/wp-content\/uploads\/2025\/06\/cropped-Logo-04.jpg\",\"width\":189,\"height\":250,\"caption\":\"AFA IES SANT MAR\u00c7AL\"},\"image\":{\"@id\":\"https:\/\/amipaiessantmarcal.org\/#\/schema\/logo\/image\/\"}},{\"@type\":\"Person\",\"@id\":\"https:\/\/amipaiessantmarcal.org\/#\/schema\/person\/31ab78cbb0806981fac9e7ae368301e6\",\"name\":\"admin\",\"image\":{\"@type\":\"ImageObject\",\"inLanguage\":\"es\",\"@id\":\"https:\/\/amipaiessantmarcal.org\/#\/schema\/person\/image\/\",\"url\":\"https:\/\/secure.gravatar.com\/avatar\/7cb5fd617fbb3e84ce94bfa3896f4a86?s=96&d=mm&r=g\",\"contentUrl\":\"https:\/\/secure.gravatar.com\/avatar\/7cb5fd617fbb3e84ce94bfa3896f4a86?s=96&d=mm&r=g\",\"caption\":\"admin\"},\"url\":\"https:\/\/amipaiessantmarcal.org\/index.php\/author\/amipaiessantmarcal\/\"}]}<\/script>\n<!-- \/ Yoast SEO plugin. -->","yoast_head_json":{"title":"TALLERS PATICIPATIUS DE L'AJUNTAMENT DE MARRATX\u00cd - AFA IES SANT MAR\u00c7AL","robots":{"index":"index","follow":"follow","max-snippet":"max-snippet:-1","max-image-preview":"max-image-preview:large","max-video-preview":"max-video-preview:-1"},"canonical":"https:\/\/amipaiessantmarcal.org\/index.php\/2022\/05\/03\/tallers-paticipatius-de-lajuntament-de-marratxi\/","og_locale":"es_ES","og_type":"article","og_title":"TALLERS PATICIPATIUS DE L'AJUNTAMENT DE MARRATX\u00cd - AFA IES SANT MAR\u00c7AL","og_description":"Des de l&#8217;\u00c0rea de Joventut del municipi s&#8217;est\u00e0 elaborant el Pla Municipal d&#8217;Adolesc\u00e8ncia i joventut, Durant el 2021 se va realitzar una Diagnosis social de la situaci\u00f3 dels adolescents i joves del municipi. Despr\u00e9s de compilar i tractar les dades se varen obtenir unes conclusions, necessitats que varen expressar a les associacions d&#8217;adolescents i joves. &hellip; Continuar leyendo \"TALLERS PATICIPATIUS DE L&#8217;AJUNTAMENT DE MARRATX\u00cd\"","og_url":"https:\/\/amipaiessantmarcal.org\/index.php\/2022\/05\/03\/tallers-paticipatius-de-lajuntament-de-marratxi\/","og_site_name":"AFA IES SANT MAR\u00c7AL","article_published_time":"2022-05-03T13:50:36+00:00","article_modified_time":"2022-05-03T13:51:31+00:00","og_image":[{"url":"https:\/\/ci6.googleusercontent.com\/proxy\/dx2EiyQyNYFIRYAfB8bFZYbjw0YPCMsy5sc2WXnTQkKC7shdA_gzB_OPAYSeUYCKq7xFedWiNCqt3Wh-k9dD8ePBXcUYaPJVoEwkFUa9Mns=s0-d-e1-ft#http:\/\/ajuntament.marratxi.es\/img\/EscutCurtMagenta_emails.png","type":"","width":"","height":""}],"author":"admin","twitter_card":"summary_large_image","twitter_misc":{"Escrito por":"admin","Tiempo de lectura":"2 minutos"},"schema":{"@context":"https:\/\/schema.org","@graph":[{"@type":"Article","@id":"https:\/\/amipaiessantmarcal.org\/index.php\/2022\/05\/03\/tallers-paticipatius-de-lajuntament-de-marratxi\/#article","isPartOf":{"@id":"https:\/\/amipaiessantmarcal.org\/index.php\/2022\/05\/03\/tallers-paticipatius-de-lajuntament-de-marratxi\/"},"author":{"name":"admin","@id":"https:\/\/amipaiessantmarcal.org\/#\/schema\/person\/31ab78cbb0806981fac9e7ae368301e6"},"headline":"TALLERS PATICIPATIUS DE L&#8217;AJUNTAMENT DE MARRATX\u00cd","datePublished":"2022-05-03T13:50:36+00:00","dateModified":"2022-05-03T13:51:31+00:00","mainEntityOfPage":{"@id":"https:\/\/amipaiessantmarcal.org\/index.php\/2022\/05\/03\/tallers-paticipatius-de-lajuntament-de-marratxi\/"},"wordCount":196,"commentCount":0,"publisher":{"@id":"https:\/\/amipaiessantmarcal.org\/#organization"},"image":{"@id":"https:\/\/amipaiessantmarcal.org\/index.php\/2022\/05\/03\/tallers-paticipatius-de-lajuntament-de-marratxi\/#primaryimage"},"thumbnailUrl":"https:\/\/ci6.googleusercontent.com\/proxy\/dx2EiyQyNYFIRYAfB8bFZYbjw0YPCMsy5sc2WXnTQkKC7shdA_gzB_OPAYSeUYCKq7xFedWiNCqt3Wh-k9dD8ePBXcUYaPJVoEwkFUa9Mns=s0-d-e1-ft#http:\/\/ajuntament.marratxi.es\/img\/EscutCurtMagenta_emails.png","articleSection":["Informacions varies","Noticies"],"inLanguage":"es","potentialAction":[{"@type":"CommentAction","name":"Comment","target":["https:\/\/amipaiessantmarcal.org\/index.php\/2022\/05\/03\/tallers-paticipatius-de-lajuntament-de-marratxi\/#respond"]}]},{"@type":"WebPage","@id":"https:\/\/amipaiessantmarcal.org\/index.php\/2022\/05\/03\/tallers-paticipatius-de-lajuntament-de-marratxi\/","url":"https:\/\/amipaiessantmarcal.org\/index.php\/2022\/05\/03\/tallers-paticipatius-de-lajuntament-de-marratxi\/","name":"TALLERS PATICIPATIUS DE L'AJUNTAMENT DE MARRATX\u00cd - AFA IES SANT MAR\u00c7AL","isPartOf":{"@id":"https:\/\/amipaiessantmarcal.org\/#website"},"primaryImageOfPage":{"@id":"https:\/\/amipaiessantmarcal.org\/index.php\/2022\/05\/03\/tallers-paticipatius-de-lajuntament-de-marratxi\/#primaryimage"},"image":{"@id":"https:\/\/amipaiessantmarcal.org\/index.php\/2022\/05\/03\/tallers-paticipatius-de-lajuntament-de-marratxi\/#primaryimage"},"thumbnailUrl":"https:\/\/ci6.googleusercontent.com\/proxy\/dx2EiyQyNYFIRYAfB8bFZYbjw0YPCMsy5sc2WXnTQkKC7shdA_gzB_OPAYSeUYCKq7xFedWiNCqt3Wh-k9dD8ePBXcUYaPJVoEwkFUa9Mns=s0-d-e1-ft#http:\/\/ajuntament.marratxi.es\/img\/EscutCurtMagenta_emails.png","datePublished":"2022-05-03T13:50:36+00:00","dateModified":"2022-05-03T13:51:31+00:00","breadcrumb":{"@id":"https:\/\/amipaiessantmarcal.org\/index.php\/2022\/05\/03\/tallers-paticipatius-de-lajuntament-de-marratxi\/#breadcrumb"},"inLanguage":"es","potentialAction":[{"@type":"ReadAction","target":["https:\/\/amipaiessantmarcal.org\/index.php\/2022\/05\/03\/tallers-paticipatius-de-lajuntament-de-marratxi\/"]}]},{"@type":"ImageObject","inLanguage":"es","@id":"https:\/\/amipaiessantmarcal.org\/index.php\/2022\/05\/03\/tallers-paticipatius-de-lajuntament-de-marratxi\/#primaryimage","url":"https:\/\/ci6.googleusercontent.com\/proxy\/dx2EiyQyNYFIRYAfB8bFZYbjw0YPCMsy5sc2WXnTQkKC7shdA_gzB_OPAYSeUYCKq7xFedWiNCqt3Wh-k9dD8ePBXcUYaPJVoEwkFUa9Mns=s0-d-e1-ft#http:\/\/ajuntament.marratxi.es\/img\/EscutCurtMagenta_emails.png","contentUrl":"https:\/\/ci6.googleusercontent.com\/proxy\/dx2EiyQyNYFIRYAfB8bFZYbjw0YPCMsy5sc2WXnTQkKC7shdA_gzB_OPAYSeUYCKq7xFedWiNCqt3Wh-k9dD8ePBXcUYaPJVoEwkFUa9Mns=s0-d-e1-ft#http:\/\/ajuntament.marratxi.es\/img\/EscutCurtMagenta_emails.png"},{"@type":"BreadcrumbList","@id":"https:\/\/amipaiessantmarcal.org\/index.php\/2022\/05\/03\/tallers-paticipatius-de-lajuntament-de-marratxi\/#breadcrumb","itemListElement":[{"@type":"ListItem","position":1,"name":"Home","item":"https:\/\/amipaiessantmarcal.org\/"},{"@type":"ListItem","position":2,"name":"TALLERS PATICIPATIUS DE L&#8217;AJUNTAMENT DE MARRATX\u00cd"}]},{"@type":"WebSite","@id":"https:\/\/amipaiessantmarcal.org\/#website","url":"https:\/\/amipaiessantmarcal.org\/","name":"AFA IES SANT MAR\u00c7AL","description":"Associaci\u00f3 de Fam\u00edlies de l&#039;Institut de Sant Mar\u00e7al, Marratxi.","publisher":{"@id":"https:\/\/amipaiessantmarcal.org\/#organization"},"potentialAction":[{"@type":"SearchAction","target":{"@type":"EntryPoint","urlTemplate":"https:\/\/amipaiessantmarcal.org\/?s={search_term_string}"},"query-input":{"@type":"PropertyValueSpecification","valueRequired":true,"valueName":"search_term_string"}}],"inLanguage":"es"},{"@type":"Organization","@id":"https:\/\/amipaiessantmarcal.org\/#organization","name":"AFA IES SANT MAR\u00c7AL","url":"https:\/\/amipaiessantmarcal.org\/","logo":{"@type":"ImageObject","inLanguage":"es","@id":"https:\/\/amipaiessantmarcal.org\/#\/schema\/logo\/image\/","url":"https:\/\/amipaiessantmarcal.org\/wp-content\/uploads\/2025\/06\/cropped-Logo-04.jpg","contentUrl":"https:\/\/amipaiessantmarcal.org\/wp-content\/uploads\/2025\/06\/cropped-Logo-04.jpg","width":189,"height":250,"caption":"AFA IES SANT MAR\u00c7AL"},"image":{"@id":"https:\/\/amipaiessantmarcal.org\/#\/schema\/logo\/image\/"}},{"@type":"Person","@id":"https:\/\/amipaiessantmarcal.org\/#\/schema\/person\/31ab78cbb0806981fac9e7ae368301e6","name":"admin","image":{"@type":"ImageObject","inLanguage":"es","@id":"https:\/\/amipaiessantmarcal.org\/#\/schema\/person\/image\/","url":"https:\/\/secure.gravatar.com\/avatar\/7cb5fd617fbb3e84ce94bfa3896f4a86?s=96&d=mm&r=g","contentUrl":"https:\/\/secure.gravatar.com\/avatar\/7cb5fd617fbb3e84ce94bfa3896f4a86?s=96&d=mm&r=g","caption":"admin"},"url":"https:\/\/amipaiessantmarcal.org\/index.php\/author\/amipaiessantmarcal\/"}]}},"_links":{"self":[{"href":"https:\/\/amipaiessantmarcal.org\/index.php\/wp-json\/wp\/v2\/posts\/304","targetHints":{"allow":["GET"]}}],"collection":[{"href":"https:\/\/amipaiessantmarcal.org\/index.php\/wp-json\/wp\/v2\/posts"}],"about":[{"href":"https:\/\/amipaiessantmarcal.org\/index.php\/wp-json\/wp\/v2\/types\/post"}],"author":[{"embeddable":true,"href":"https:\/\/amipaiessantmarcal.org\/index.php\/wp-json\/wp\/v2\/users\/1"}],"replies":[{"embeddable":true,"href":"https:\/\/amipaiessantmarcal.org\/index.php\/wp-json\/wp\/v2\/comments?post=304"}],"version-history":[{"count":2,"href":"https:\/\/amipaiessantmarcal.org\/index.php\/wp-json\/wp\/v2\/posts\/304\/revisions"}],"predecessor-version":[{"id":306,"href":"https:\/\/amipaiessantmarcal.org\/index.php\/wp-json\/wp\/v2\/posts\/304\/revisions\/306"}],"wp:attachment":[{"href":"https:\/\/amipaiessantmarcal.org\/index.php\/wp-json\/wp\/v2\/media?parent=304"}],"wp:term":[{"taxonomy":"category","embeddable":true,"href":"https:\/\/amipaiessantmarcal.org\/index.php\/wp-json\/wp\/v2\/categories?post=304"},{"taxonomy":"post_tag","embeddable":true,"href":"https:\/\/amipaiessantmarcal.org\/index.php\/wp-json\/wp\/v2\/tags?post=304"}],"curies":[{"name":"wp","href":"https:\/\/api.w.org\/{rel}","templated":true}]}}