{"id":284,"date":"2021-10-21T19:31:14","date_gmt":"2021-10-21T19:31:14","guid":{"rendered":"https:\/\/amipaiessantmarcal.org\/?p=284"},"modified":"2021-10-21T19:41:11","modified_gmt":"2021-10-21T19:41:11","slug":"eleccions-al-consell-escolar","status":"publish","type":"post","link":"https:\/\/amipaiessantmarcal.org\/index.php\/2021\/10\/21\/eleccions-al-consell-escolar\/","title":{"rendered":"Eleccions al Consell Escolar"},"content":{"rendered":"\n<p>El Consell Escolar \u00e9s el&nbsp;m\u00e0xim \u00f2rgan de participaci\u00f3 democr\u00e0tica de la comunitat educativa: docents, alumnes, fam\u00edlies, personal no docent i representant municipal.&nbsp;La participaci\u00f3 de les fam\u00edlies en aquest \u00f2rgan \u00e9s molt important, ja qu\u00e8 amb la nova Llei d\u2019Educaci\u00f3 (LOMLOE 2020), s\u2019han recuperat compet\u00e8ncies com la d&#8217;aprovar i avaluar projectes i normes. Per tant, podr\u00e0 exercir les funcions com a \u00f2rgan de control dels centres.<\/p>\n\n\n\n<p>Els membre elegits al Consell Escolar tenen una vig\u00e8ncia de 4 anys i el centre realitza eleccions cada 2 anys per renovar-ne la meitat.&nbsp;El nostre centre disposa d&#8217;un total de 3 representants de les families:  2 persones elegides en les eleccions i 1 representant de l&#8217;AMIPA. Per tant, haur\u00e0 de sortir un nou representant de les families.<\/p>\n\n\n\n<p>Podeu veure m\u00e9s informaci\u00f3 a la web del centre: <a href=\"https:\/\/sites.google.com\/santmarcal.com\/iessantmaral\/inici\">eleccions consell escolar IES Sant Mar\u00e7al<\/a> on s&#8217;inclou el calendari de tot el proc\u00e9s:<\/p>\n\n\n\n<figure class=\"wp-block-image size-large is-resized\"><img loading=\"lazy\" decoding=\"async\" src=\"https:\/\/amipaiessantmarcal.org\/wp-content\/uploads\/2021\/10\/calendari-eleccions-consell-escolar-2021-788x1024.jpg\" alt=\"\" class=\"wp-image-289\" width=\"682\" height=\"886\" srcset=\"https:\/\/amipaiessantmarcal.org\/wp-content\/uploads\/2021\/10\/calendari-eleccions-consell-escolar-2021-788x1024.jpg 788w, https:\/\/amipaiessantmarcal.org\/wp-content\/uploads\/2021\/10\/calendari-eleccions-consell-escolar-2021-231x300.jpg 231w, https:\/\/amipaiessantmarcal.org\/wp-content\/uploads\/2021\/10\/calendari-eleccions-consell-escolar-2021-768x998.jpg 768w, https:\/\/amipaiessantmarcal.org\/wp-content\/uploads\/2021\/10\/calendari-eleccions-consell-escolar-2021-1182x1536.jpg 1182w, https:\/\/amipaiessantmarcal.org\/wp-content\/uploads\/2021\/10\/calendari-eleccions-consell-escolar-2021-1576x2048.jpg 1576w, https:\/\/amipaiessantmarcal.org\/wp-content\/uploads\/2021\/10\/calendari-eleccions-consell-escolar-2021.jpg 1759w\" sizes=\"auto, (max-width: 682px) 100vw, 682px\" \/><\/figure>\n\n\n\n<p>A la web del <a href=\"https:\/\/www.caib.es\/sites\/serveidecomunitateducativa\/ca\/renovacia_consells_escolars_21-22\/\">servei de comunitat educativa<\/a> i de la <a href=\"http:\/\/www.fapamallorca.org\/eleccions-consells-escolars-2021-22\/\">Federaci\u00f3 d&#8217;Associacions de Fam\u00edlies d&#8217;Alumnes (FAPA)<\/a> hi ha m\u00e9s informaci\u00f3 sobre tot el proc\u00e9s.<\/p>\n\n\n\n<p>Si teniu dubtes podeu demanar-nos m\u00e9s informaci\u00f3 o contactar amb el centre<\/p>\n\n\n\n<p>Us animam a participar directament amb la formaci\u00f3 dels nostres fills i filles.<\/p>\n","protected":false},"excerpt":{"rendered":"<p>El Consell Escolar \u00e9s el&nbsp;m\u00e0xim \u00f2rgan de participaci\u00f3 democr\u00e0tica de la comunitat educativa: docents, alumnes, fam\u00edlies, personal no docent i representant municipal.&nbsp;La participaci\u00f3 de les fam\u00edlies en aquest \u00f2rgan \u00e9s molt important, ja qu\u00e8 amb la nova Llei d\u2019Educaci\u00f3 (LOMLOE 2020), s\u2019han recuperat compet\u00e8ncies com la d&#8217;aprovar i avaluar projectes i normes. Per tant, podr\u00e0 &hellip; <\/p>\n<p class=\"link-more\"><a href=\"https:\/\/amipaiessantmarcal.org\/index.php\/2021\/10\/21\/eleccions-al-consell-escolar\/\" class=\"more-link\">Continuar leyendo<span class=\"screen-reader-text\"> \u00abEleccions al Consell Escolar\u00bb<\/span><\/a><\/p>\n","protected":false},"author":1,"featured_media":0,"comment_status":"open","ping_status":"open","sticky":false,"template":"","format":"standard","meta":{"footnotes":""},"categories":[1],"tags":[],"class_list":["post-284","post","type-post","status-publish","format-standard","hentry","category-uncategorized"],"yoast_head":"<!-- This site is optimized with the Yoast SEO plugin v24.3 - https:\/\/yoast.com\/wordpress\/plugins\/seo\/ -->\n<title>Eleccions al Consell Escolar - AFA IES SANT MAR\u00c7AL<\/title>\n<meta name=\"robots\" content=\"index, follow, max-snippet:-1, max-image-preview:large, max-video-preview:-1\" \/>\n<link rel=\"canonical\" href=\"https:\/\/amipaiessantmarcal.org\/index.php\/2021\/10\/21\/eleccions-al-consell-escolar\/\" \/>\n<meta property=\"og:locale\" content=\"es_ES\" \/>\n<meta property=\"og:type\" content=\"article\" \/>\n<meta property=\"og:title\" content=\"Eleccions al Consell Escolar - AFA IES SANT MAR\u00c7AL\" \/>\n<meta property=\"og:description\" content=\"El Consell Escolar \u00e9s el&nbsp;m\u00e0xim \u00f2rgan de participaci\u00f3 democr\u00e0tica de la comunitat educativa: docents, alumnes, fam\u00edlies, personal no docent i representant municipal.&nbsp;La participaci\u00f3 de les fam\u00edlies en aquest \u00f2rgan \u00e9s molt important, ja qu\u00e8 amb la nova Llei d\u2019Educaci\u00f3 (LOMLOE 2020), s\u2019han recuperat compet\u00e8ncies com la d&#8217;aprovar i avaluar projectes i normes. Per tant, podr\u00e0 &hellip; Continuar leyendo &quot;Eleccions al Consell Escolar&quot;\" \/>\n<meta property=\"og:url\" content=\"https:\/\/amipaiessantmarcal.org\/index.php\/2021\/10\/21\/eleccions-al-consell-escolar\/\" \/>\n<meta property=\"og:site_name\" content=\"AFA IES SANT MAR\u00c7AL\" \/>\n<meta property=\"article:published_time\" content=\"2021-10-21T19:31:14+00:00\" \/>\n<meta property=\"article:modified_time\" content=\"2021-10-21T19:41:11+00:00\" \/>\n<meta property=\"og:image\" content=\"https:\/\/amipaiessantmarcal.org\/wp-content\/uploads\/2021\/10\/calendari-eleccions-consell-escolar-2021-788x1024.jpg\" \/>\n<meta name=\"author\" content=\"admin\" \/>\n<meta name=\"twitter:card\" content=\"summary_large_image\" \/>\n<meta name=\"twitter:label1\" content=\"Escrito por\" \/>\n\t<meta name=\"twitter:data1\" content=\"admin\" \/>\n\t<meta name=\"twitter:label2\" content=\"Tiempo de lectura\" \/>\n\t<meta name=\"twitter:data2\" content=\"2 minutos\" \/>\n<script type=\"application\/ld+json\" class=\"yoast-schema-graph\">{\"@context\":\"https:\/\/schema.org\",\"@graph\":[{\"@type\":\"Article\",\"@id\":\"https:\/\/amipaiessantmarcal.org\/index.php\/2021\/10\/21\/eleccions-al-consell-escolar\/#article\",\"isPartOf\":{\"@id\":\"https:\/\/amipaiessantmarcal.org\/index.php\/2021\/10\/21\/eleccions-al-consell-escolar\/\"},\"author\":{\"name\":\"admin\",\"@id\":\"https:\/\/amipaiessantmarcal.org\/#\/schema\/person\/31ab78cbb0806981fac9e7ae368301e6\"},\"headline\":\"Eleccions al Consell Escolar\",\"datePublished\":\"2021-10-21T19:31:14+00:00\",\"dateModified\":\"2021-10-21T19:41:11+00:00\",\"mainEntityOfPage\":{\"@id\":\"https:\/\/amipaiessantmarcal.org\/index.php\/2021\/10\/21\/eleccions-al-consell-escolar\/\"},\"wordCount\":214,\"commentCount\":0,\"publisher\":{\"@id\":\"https:\/\/amipaiessantmarcal.org\/#organization\"},\"image\":{\"@id\":\"https:\/\/amipaiessantmarcal.org\/index.php\/2021\/10\/21\/eleccions-al-consell-escolar\/#primaryimage\"},\"thumbnailUrl\":\"https:\/\/amipaiessantmarcal.org\/wp-content\/uploads\/2021\/10\/calendari-eleccions-consell-escolar-2021-788x1024.jpg\",\"articleSection\":[\"Informaci\u00f3 IES\"],\"inLanguage\":\"es\",\"potentialAction\":[{\"@type\":\"CommentAction\",\"name\":\"Comment\",\"target\":[\"https:\/\/amipaiessantmarcal.org\/index.php\/2021\/10\/21\/eleccions-al-consell-escolar\/#respond\"]}]},{\"@type\":\"WebPage\",\"@id\":\"https:\/\/amipaiessantmarcal.org\/index.php\/2021\/10\/21\/eleccions-al-consell-escolar\/\",\"url\":\"https:\/\/amipaiessantmarcal.org\/index.php\/2021\/10\/21\/eleccions-al-consell-escolar\/\",\"name\":\"Eleccions al Consell Escolar - AFA IES SANT MAR\u00c7AL\",\"isPartOf\":{\"@id\":\"https:\/\/amipaiessantmarcal.org\/#website\"},\"primaryImageOfPage\":{\"@id\":\"https:\/\/amipaiessantmarcal.org\/index.php\/2021\/10\/21\/eleccions-al-consell-escolar\/#primaryimage\"},\"image\":{\"@id\":\"https:\/\/amipaiessantmarcal.org\/index.php\/2021\/10\/21\/eleccions-al-consell-escolar\/#primaryimage\"},\"thumbnailUrl\":\"https:\/\/amipaiessantmarcal.org\/wp-content\/uploads\/2021\/10\/calendari-eleccions-consell-escolar-2021-788x1024.jpg\",\"datePublished\":\"2021-10-21T19:31:14+00:00\",\"dateModified\":\"2021-10-21T19:41:11+00:00\",\"breadcrumb\":{\"@id\":\"https:\/\/amipaiessantmarcal.org\/index.php\/2021\/10\/21\/eleccions-al-consell-escolar\/#breadcrumb\"},\"inLanguage\":\"es\",\"potentialAction\":[{\"@type\":\"ReadAction\",\"target\":[\"https:\/\/amipaiessantmarcal.org\/index.php\/2021\/10\/21\/eleccions-al-consell-escolar\/\"]}]},{\"@type\":\"ImageObject\",\"inLanguage\":\"es\",\"@id\":\"https:\/\/amipaiessantmarcal.org\/index.php\/2021\/10\/21\/eleccions-al-consell-escolar\/#primaryimage\",\"url\":\"https:\/\/amipaiessantmarcal.org\/wp-content\/uploads\/2021\/10\/calendari-eleccions-consell-escolar-2021.jpg\",\"contentUrl\":\"https:\/\/amipaiessantmarcal.org\/wp-content\/uploads\/2021\/10\/calendari-eleccions-consell-escolar-2021.jpg\",\"width\":1759,\"height\":2286},{\"@type\":\"BreadcrumbList\",\"@id\":\"https:\/\/amipaiessantmarcal.org\/index.php\/2021\/10\/21\/eleccions-al-consell-escolar\/#breadcrumb\",\"itemListElement\":[{\"@type\":\"ListItem\",\"position\":1,\"name\":\"Home\",\"item\":\"https:\/\/amipaiessantmarcal.org\/\"},{\"@type\":\"ListItem\",\"position\":2,\"name\":\"Eleccions al Consell Escolar\"}]},{\"@type\":\"WebSite\",\"@id\":\"https:\/\/amipaiessantmarcal.org\/#website\",\"url\":\"https:\/\/amipaiessantmarcal.org\/\",\"name\":\"AFA IES SANT MAR\u00c7AL\",\"description\":\"Associaci\u00f3 de Fam\u00edlies de l&#039;Institut de Sant Mar\u00e7al, Marratxi.\",\"publisher\":{\"@id\":\"https:\/\/amipaiessantmarcal.org\/#organization\"},\"potentialAction\":[{\"@type\":\"SearchAction\",\"target\":{\"@type\":\"EntryPoint\",\"urlTemplate\":\"https:\/\/amipaiessantmarcal.org\/?s={search_term_string}\"},\"query-input\":{\"@type\":\"PropertyValueSpecification\",\"valueRequired\":true,\"valueName\":\"search_term_string\"}}],\"inLanguage\":\"es\"},{\"@type\":\"Organization\",\"@id\":\"https:\/\/amipaiessantmarcal.org\/#organization\",\"name\":\"AFA IES SANT MAR\u00c7AL\",\"url\":\"https:\/\/amipaiessantmarcal.org\/\",\"logo\":{\"@type\":\"ImageObject\",\"inLanguage\":\"es\",\"@id\":\"https:\/\/amipaiessantmarcal.org\/#\/schema\/logo\/image\/\",\"url\":\"https:\/\/amipaiessantmarcal.org\/wp-content\/uploads\/2025\/06\/cropped-Logo-04.jpg\",\"contentUrl\":\"https:\/\/amipaiessantmarcal.org\/wp-content\/uploads\/2025\/06\/cropped-Logo-04.jpg\",\"width\":189,\"height\":250,\"caption\":\"AFA IES SANT MAR\u00c7AL\"},\"image\":{\"@id\":\"https:\/\/amipaiessantmarcal.org\/#\/schema\/logo\/image\/\"}},{\"@type\":\"Person\",\"@id\":\"https:\/\/amipaiessantmarcal.org\/#\/schema\/person\/31ab78cbb0806981fac9e7ae368301e6\",\"name\":\"admin\",\"image\":{\"@type\":\"ImageObject\",\"inLanguage\":\"es\",\"@id\":\"https:\/\/amipaiessantmarcal.org\/#\/schema\/person\/image\/\",\"url\":\"https:\/\/secure.gravatar.com\/avatar\/7cb5fd617fbb3e84ce94bfa3896f4a86?s=96&d=mm&r=g\",\"contentUrl\":\"https:\/\/secure.gravatar.com\/avatar\/7cb5fd617fbb3e84ce94bfa3896f4a86?s=96&d=mm&r=g\",\"caption\":\"admin\"},\"url\":\"https:\/\/amipaiessantmarcal.org\/index.php\/author\/amipaiessantmarcal\/\"}]}<\/script>\n<!-- \/ Yoast SEO plugin. -->","yoast_head_json":{"title":"Eleccions al Consell Escolar - AFA IES SANT MAR\u00c7AL","robots":{"index":"index","follow":"follow","max-snippet":"max-snippet:-1","max-image-preview":"max-image-preview:large","max-video-preview":"max-video-preview:-1"},"canonical":"https:\/\/amipaiessantmarcal.org\/index.php\/2021\/10\/21\/eleccions-al-consell-escolar\/","og_locale":"es_ES","og_type":"article","og_title":"Eleccions al Consell Escolar - AFA IES SANT MAR\u00c7AL","og_description":"El Consell Escolar \u00e9s el&nbsp;m\u00e0xim \u00f2rgan de participaci\u00f3 democr\u00e0tica de la comunitat educativa: docents, alumnes, fam\u00edlies, personal no docent i representant municipal.&nbsp;La participaci\u00f3 de les fam\u00edlies en aquest \u00f2rgan \u00e9s molt important, ja qu\u00e8 amb la nova Llei d\u2019Educaci\u00f3 (LOMLOE 2020), s\u2019han recuperat compet\u00e8ncies com la d&#8217;aprovar i avaluar projectes i normes. Per tant, podr\u00e0 &hellip; Continuar leyendo \"Eleccions al Consell Escolar\"","og_url":"https:\/\/amipaiessantmarcal.org\/index.php\/2021\/10\/21\/eleccions-al-consell-escolar\/","og_site_name":"AFA IES SANT MAR\u00c7AL","article_published_time":"2021-10-21T19:31:14+00:00","article_modified_time":"2021-10-21T19:41:11+00:00","og_image":[{"url":"https:\/\/amipaiessantmarcal.org\/wp-content\/uploads\/2021\/10\/calendari-eleccions-consell-escolar-2021-788x1024.jpg","type":"","width":"","height":""}],"author":"admin","twitter_card":"summary_large_image","twitter_misc":{"Escrito por":"admin","Tiempo de lectura":"2 minutos"},"schema":{"@context":"https:\/\/schema.org","@graph":[{"@type":"Article","@id":"https:\/\/amipaiessantmarcal.org\/index.php\/2021\/10\/21\/eleccions-al-consell-escolar\/#article","isPartOf":{"@id":"https:\/\/amipaiessantmarcal.org\/index.php\/2021\/10\/21\/eleccions-al-consell-escolar\/"},"author":{"name":"admin","@id":"https:\/\/amipaiessantmarcal.org\/#\/schema\/person\/31ab78cbb0806981fac9e7ae368301e6"},"headline":"Eleccions al Consell Escolar","datePublished":"2021-10-21T19:31:14+00:00","dateModified":"2021-10-21T19:41:11+00:00","mainEntityOfPage":{"@id":"https:\/\/amipaiessantmarcal.org\/index.php\/2021\/10\/21\/eleccions-al-consell-escolar\/"},"wordCount":214,"commentCount":0,"publisher":{"@id":"https:\/\/amipaiessantmarcal.org\/#organization"},"image":{"@id":"https:\/\/amipaiessantmarcal.org\/index.php\/2021\/10\/21\/eleccions-al-consell-escolar\/#primaryimage"},"thumbnailUrl":"https:\/\/amipaiessantmarcal.org\/wp-content\/uploads\/2021\/10\/calendari-eleccions-consell-escolar-2021-788x1024.jpg","articleSection":["Informaci\u00f3 IES"],"inLanguage":"es","potentialAction":[{"@type":"CommentAction","name":"Comment","target":["https:\/\/amipaiessantmarcal.org\/index.php\/2021\/10\/21\/eleccions-al-consell-escolar\/#respond"]}]},{"@type":"WebPage","@id":"https:\/\/amipaiessantmarcal.org\/index.php\/2021\/10\/21\/eleccions-al-consell-escolar\/","url":"https:\/\/amipaiessantmarcal.org\/index.php\/2021\/10\/21\/eleccions-al-consell-escolar\/","name":"Eleccions al Consell Escolar - AFA IES SANT MAR\u00c7AL","isPartOf":{"@id":"https:\/\/amipaiessantmarcal.org\/#website"},"primaryImageOfPage":{"@id":"https:\/\/amipaiessantmarcal.org\/index.php\/2021\/10\/21\/eleccions-al-consell-escolar\/#primaryimage"},"image":{"@id":"https:\/\/amipaiessantmarcal.org\/index.php\/2021\/10\/21\/eleccions-al-consell-escolar\/#primaryimage"},"thumbnailUrl":"https:\/\/amipaiessantmarcal.org\/wp-content\/uploads\/2021\/10\/calendari-eleccions-consell-escolar-2021-788x1024.jpg","datePublished":"2021-10-21T19:31:14+00:00","dateModified":"2021-10-21T19:41:11+00:00","breadcrumb":{"@id":"https:\/\/amipaiessantmarcal.org\/index.php\/2021\/10\/21\/eleccions-al-consell-escolar\/#breadcrumb"},"inLanguage":"es","potentialAction":[{"@type":"ReadAction","target":["https:\/\/amipaiessantmarcal.org\/index.php\/2021\/10\/21\/eleccions-al-consell-escolar\/"]}]},{"@type":"ImageObject","inLanguage":"es","@id":"https:\/\/amipaiessantmarcal.org\/index.php\/2021\/10\/21\/eleccions-al-consell-escolar\/#primaryimage","url":"https:\/\/amipaiessantmarcal.org\/wp-content\/uploads\/2021\/10\/calendari-eleccions-consell-escolar-2021.jpg","contentUrl":"https:\/\/amipaiessantmarcal.org\/wp-content\/uploads\/2021\/10\/calendari-eleccions-consell-escolar-2021.jpg","width":1759,"height":2286},{"@type":"BreadcrumbList","@id":"https:\/\/amipaiessantmarcal.org\/index.php\/2021\/10\/21\/eleccions-al-consell-escolar\/#breadcrumb","itemListElement":[{"@type":"ListItem","position":1,"name":"Home","item":"https:\/\/amipaiessantmarcal.org\/"},{"@type":"ListItem","position":2,"name":"Eleccions al Consell Escolar"}]},{"@type":"WebSite","@id":"https:\/\/amipaiessantmarcal.org\/#website","url":"https:\/\/amipaiessantmarcal.org\/","name":"AFA IES SANT MAR\u00c7AL","description":"Associaci\u00f3 de Fam\u00edlies de l&#039;Institut de Sant Mar\u00e7al, Marratxi.","publisher":{"@id":"https:\/\/amipaiessantmarcal.org\/#organization"},"potentialAction":[{"@type":"SearchAction","target":{"@type":"EntryPoint","urlTemplate":"https:\/\/amipaiessantmarcal.org\/?s={search_term_string}"},"query-input":{"@type":"PropertyValueSpecification","valueRequired":true,"valueName":"search_term_string"}}],"inLanguage":"es"},{"@type":"Organization","@id":"https:\/\/amipaiessantmarcal.org\/#organization","name":"AFA IES SANT MAR\u00c7AL","url":"https:\/\/amipaiessantmarcal.org\/","logo":{"@type":"ImageObject","inLanguage":"es","@id":"https:\/\/amipaiessantmarcal.org\/#\/schema\/logo\/image\/","url":"https:\/\/amipaiessantmarcal.org\/wp-content\/uploads\/2025\/06\/cropped-Logo-04.jpg","contentUrl":"https:\/\/amipaiessantmarcal.org\/wp-content\/uploads\/2025\/06\/cropped-Logo-04.jpg","width":189,"height":250,"caption":"AFA IES SANT MAR\u00c7AL"},"image":{"@id":"https:\/\/amipaiessantmarcal.org\/#\/schema\/logo\/image\/"}},{"@type":"Person","@id":"https:\/\/amipaiessantmarcal.org\/#\/schema\/person\/31ab78cbb0806981fac9e7ae368301e6","name":"admin","image":{"@type":"ImageObject","inLanguage":"es","@id":"https:\/\/amipaiessantmarcal.org\/#\/schema\/person\/image\/","url":"https:\/\/secure.gravatar.com\/avatar\/7cb5fd617fbb3e84ce94bfa3896f4a86?s=96&d=mm&r=g","contentUrl":"https:\/\/secure.gravatar.com\/avatar\/7cb5fd617fbb3e84ce94bfa3896f4a86?s=96&d=mm&r=g","caption":"admin"},"url":"https:\/\/amipaiessantmarcal.org\/index.php\/author\/amipaiessantmarcal\/"}]}},"_links":{"self":[{"href":"https:\/\/amipaiessantmarcal.org\/index.php\/wp-json\/wp\/v2\/posts\/284","targetHints":{"allow":["GET"]}}],"collection":[{"href":"https:\/\/amipaiessantmarcal.org\/index.php\/wp-json\/wp\/v2\/posts"}],"about":[{"href":"https:\/\/amipaiessantmarcal.org\/index.php\/wp-json\/wp\/v2\/types\/post"}],"author":[{"embeddable":true,"href":"https:\/\/amipaiessantmarcal.org\/index.php\/wp-json\/wp\/v2\/users\/1"}],"replies":[{"embeddable":true,"href":"https:\/\/amipaiessantmarcal.org\/index.php\/wp-json\/wp\/v2\/comments?post=284"}],"version-history":[{"count":4,"href":"https:\/\/amipaiessantmarcal.org\/index.php\/wp-json\/wp\/v2\/posts\/284\/revisions"}],"predecessor-version":[{"id":290,"href":"https:\/\/amipaiessantmarcal.org\/index.php\/wp-json\/wp\/v2\/posts\/284\/revisions\/290"}],"wp:attachment":[{"href":"https:\/\/amipaiessantmarcal.org\/index.php\/wp-json\/wp\/v2\/media?parent=284"}],"wp:term":[{"taxonomy":"category","embeddable":true,"href":"https:\/\/amipaiessantmarcal.org\/index.php\/wp-json\/wp\/v2\/categories?post=284"},{"taxonomy":"post_tag","embeddable":true,"href":"https:\/\/amipaiessantmarcal.org\/index.php\/wp-json\/wp\/v2\/tags?post=284"}],"curies":[{"name":"wp","href":"https:\/\/api.w.org\/{rel}","templated":true}]}}