{"id":278,"date":"2021-09-01T19:45:33","date_gmt":"2021-09-01T19:45:33","guid":{"rendered":"https:\/\/amipaiessantmarcal.org\/?p=278"},"modified":"2021-09-01T19:49:27","modified_gmt":"2021-09-01T19:49:27","slug":"recordatori-de-la-venda-de-llibres","status":"publish","type":"post","link":"https:\/\/amipaiessantmarcal.org\/index.php\/2021\/09\/01\/recordatori-de-la-venda-de-llibres\/","title":{"rendered":"Recordatori de la venda de llibres"},"content":{"rendered":"\n<p><strong>Divendres 3 de setembre de 16\u201320 h<\/strong>&nbsp;<strong>al pati de l\u2019IES Sant Mar\u00e7al (davall la porxada)<\/strong> es realitzar\u00e0 la venda de llibres organitza per l&#8217;AMIPA del centre i la col\u00b7laboraci\u00f3 de la Distribuidora Rotger.<\/p>\n\n\n\n<p>Si sou socis us beneficiareu del 15% de descompte a la compra de llibres i tamb\u00e9 us regalarem l\u2019agenda escolar i una botella. Per poder gaudir dels descomptes \u00e9s imprescindible haver fet el pagament de la quota. La quota anual per fam\u00edlia \u00e9s de 20\u202f\u20ac i podeu fer el pagament al seg\u00fcent compte corrent de BANKIA S.A. ES04 2038 3417 6660 0008 9536, especificant els llinatges de la fam\u00edlia i el concepte.<\/p>\n\n\n\n<p>Les families que no siguin socies podran comprar l&#8217;agenda  (5\u20ac) i  la botella (3\u20ac).<\/p>\n\n\n\n<p>Si necessitau m\u00e9s informaci\u00f3 no dubteu de contactar-nos o demanar-ho el mateix divendres durant la venda, ja que hi haur\u00e0 membres de l&#8217;actual junta directiva ajudant en la mateixa.<\/p>\n\n\n\n<div class=\"wp-block-image\"><figure class=\"aligncenter size-large is-resized\"><img loading=\"lazy\" decoding=\"async\" src=\"https:\/\/amipaiessantmarcal.org\/wp-content\/uploads\/2021\/09\/botella-1024x766.jpg\" alt=\"\" class=\"wp-image-279\" width=\"465\" height=\"348\" srcset=\"https:\/\/amipaiessantmarcal.org\/wp-content\/uploads\/2021\/09\/botella-1024x766.jpg 1024w, https:\/\/amipaiessantmarcal.org\/wp-content\/uploads\/2021\/09\/botella-300x224.jpg 300w, https:\/\/amipaiessantmarcal.org\/wp-content\/uploads\/2021\/09\/botella-768x575.jpg 768w, https:\/\/amipaiessantmarcal.org\/wp-content\/uploads\/2021\/09\/botella-1536x1149.jpg 1536w, https:\/\/amipaiessantmarcal.org\/wp-content\/uploads\/2021\/09\/botella.jpg 1600w\" sizes=\"auto, (max-width: 465px) 100vw, 465px\" \/><figcaption>Botella, obsequi per a l&#8217;alumant de les families associades a l&#8217;AMIPA<\/figcaption><\/figure><\/div>\n","protected":false},"excerpt":{"rendered":"<p>Divendres 3 de setembre de 16\u201320 h&nbsp;al pati de l\u2019IES Sant Mar\u00e7al (davall la porxada) es realitzar\u00e0 la venda de llibres organitza per l&#8217;AMIPA del centre i la col\u00b7laboraci\u00f3 de la Distribuidora Rotger. Si sou socis us beneficiareu del 15% de descompte a la compra de llibres i tamb\u00e9 us regalarem l\u2019agenda escolar i una &hellip; <\/p>\n<p class=\"link-more\"><a href=\"https:\/\/amipaiessantmarcal.org\/index.php\/2021\/09\/01\/recordatori-de-la-venda-de-llibres\/\" class=\"more-link\">Continuar leyendo<span class=\"screen-reader-text\"> \u00abRecordatori de la venda de llibres\u00bb<\/span><\/a><\/p>\n","protected":false},"author":1,"featured_media":0,"comment_status":"open","ping_status":"open","sticky":false,"template":"","format":"standard","meta":{"footnotes":""},"categories":[1],"tags":[],"class_list":["post-278","post","type-post","status-publish","format-standard","hentry","category-uncategorized"],"yoast_head":"<!-- This site is optimized with the Yoast SEO plugin v24.3 - https:\/\/yoast.com\/wordpress\/plugins\/seo\/ -->\n<title>Recordatori de la venda de llibres - AFA IES SANT MAR\u00c7AL<\/title>\n<meta name=\"robots\" content=\"index, follow, max-snippet:-1, max-image-preview:large, max-video-preview:-1\" \/>\n<link rel=\"canonical\" href=\"https:\/\/amipaiessantmarcal.org\/index.php\/2021\/09\/01\/recordatori-de-la-venda-de-llibres\/\" \/>\n<meta property=\"og:locale\" content=\"es_ES\" \/>\n<meta property=\"og:type\" content=\"article\" \/>\n<meta property=\"og:title\" content=\"Recordatori de la venda de llibres - AFA IES SANT MAR\u00c7AL\" \/>\n<meta property=\"og:description\" content=\"Divendres 3 de setembre de 16\u201320 h&nbsp;al pati de l\u2019IES Sant Mar\u00e7al (davall la porxada) es realitzar\u00e0 la venda de llibres organitza per l&#8217;AMIPA del centre i la col\u00b7laboraci\u00f3 de la Distribuidora Rotger. Si sou socis us beneficiareu del 15% de descompte a la compra de llibres i tamb\u00e9 us regalarem l\u2019agenda escolar i una &hellip; Continuar leyendo &quot;Recordatori de la venda de llibres&quot;\" \/>\n<meta property=\"og:url\" content=\"https:\/\/amipaiessantmarcal.org\/index.php\/2021\/09\/01\/recordatori-de-la-venda-de-llibres\/\" \/>\n<meta property=\"og:site_name\" content=\"AFA IES SANT MAR\u00c7AL\" \/>\n<meta property=\"article:published_time\" content=\"2021-09-01T19:45:33+00:00\" \/>\n<meta property=\"article:modified_time\" content=\"2021-09-01T19:49:27+00:00\" \/>\n<meta property=\"og:image\" content=\"https:\/\/amipaiessantmarcal.org\/wp-content\/uploads\/2021\/09\/botella-1024x766.jpg\" \/>\n<meta name=\"author\" content=\"admin\" \/>\n<meta name=\"twitter:card\" content=\"summary_large_image\" \/>\n<meta name=\"twitter:label1\" content=\"Escrito por\" \/>\n\t<meta name=\"twitter:data1\" content=\"admin\" \/>\n\t<meta name=\"twitter:label2\" content=\"Tiempo de lectura\" \/>\n\t<meta name=\"twitter:data2\" content=\"1 minuto\" \/>\n<script type=\"application\/ld+json\" class=\"yoast-schema-graph\">{\"@context\":\"https:\/\/schema.org\",\"@graph\":[{\"@type\":\"Article\",\"@id\":\"https:\/\/amipaiessantmarcal.org\/index.php\/2021\/09\/01\/recordatori-de-la-venda-de-llibres\/#article\",\"isPartOf\":{\"@id\":\"https:\/\/amipaiessantmarcal.org\/index.php\/2021\/09\/01\/recordatori-de-la-venda-de-llibres\/\"},\"author\":{\"name\":\"admin\",\"@id\":\"https:\/\/amipaiessantmarcal.org\/#\/schema\/person\/31ab78cbb0806981fac9e7ae368301e6\"},\"headline\":\"Recordatori de la venda de llibres\",\"datePublished\":\"2021-09-01T19:45:33+00:00\",\"dateModified\":\"2021-09-01T19:49:27+00:00\",\"mainEntityOfPage\":{\"@id\":\"https:\/\/amipaiessantmarcal.org\/index.php\/2021\/09\/01\/recordatori-de-la-venda-de-llibres\/\"},\"wordCount\":165,\"commentCount\":0,\"publisher\":{\"@id\":\"https:\/\/amipaiessantmarcal.org\/#organization\"},\"image\":{\"@id\":\"https:\/\/amipaiessantmarcal.org\/index.php\/2021\/09\/01\/recordatori-de-la-venda-de-llibres\/#primaryimage\"},\"thumbnailUrl\":\"https:\/\/amipaiessantmarcal.org\/wp-content\/uploads\/2021\/09\/botella-1024x766.jpg\",\"articleSection\":[\"Informaci\u00f3 IES\"],\"inLanguage\":\"es\",\"potentialAction\":[{\"@type\":\"CommentAction\",\"name\":\"Comment\",\"target\":[\"https:\/\/amipaiessantmarcal.org\/index.php\/2021\/09\/01\/recordatori-de-la-venda-de-llibres\/#respond\"]}]},{\"@type\":\"WebPage\",\"@id\":\"https:\/\/amipaiessantmarcal.org\/index.php\/2021\/09\/01\/recordatori-de-la-venda-de-llibres\/\",\"url\":\"https:\/\/amipaiessantmarcal.org\/index.php\/2021\/09\/01\/recordatori-de-la-venda-de-llibres\/\",\"name\":\"Recordatori de la venda de llibres - AFA IES SANT MAR\u00c7AL\",\"isPartOf\":{\"@id\":\"https:\/\/amipaiessantmarcal.org\/#website\"},\"primaryImageOfPage\":{\"@id\":\"https:\/\/amipaiessantmarcal.org\/index.php\/2021\/09\/01\/recordatori-de-la-venda-de-llibres\/#primaryimage\"},\"image\":{\"@id\":\"https:\/\/amipaiessantmarcal.org\/index.php\/2021\/09\/01\/recordatori-de-la-venda-de-llibres\/#primaryimage\"},\"thumbnailUrl\":\"https:\/\/amipaiessantmarcal.org\/wp-content\/uploads\/2021\/09\/botella-1024x766.jpg\",\"datePublished\":\"2021-09-01T19:45:33+00:00\",\"dateModified\":\"2021-09-01T19:49:27+00:00\",\"breadcrumb\":{\"@id\":\"https:\/\/amipaiessantmarcal.org\/index.php\/2021\/09\/01\/recordatori-de-la-venda-de-llibres\/#breadcrumb\"},\"inLanguage\":\"es\",\"potentialAction\":[{\"@type\":\"ReadAction\",\"target\":[\"https:\/\/amipaiessantmarcal.org\/index.php\/2021\/09\/01\/recordatori-de-la-venda-de-llibres\/\"]}]},{\"@type\":\"ImageObject\",\"inLanguage\":\"es\",\"@id\":\"https:\/\/amipaiessantmarcal.org\/index.php\/2021\/09\/01\/recordatori-de-la-venda-de-llibres\/#primaryimage\",\"url\":\"https:\/\/amipaiessantmarcal.org\/wp-content\/uploads\/2021\/09\/botella.jpg\",\"contentUrl\":\"https:\/\/amipaiessantmarcal.org\/wp-content\/uploads\/2021\/09\/botella.jpg\",\"width\":1600,\"height\":1197},{\"@type\":\"BreadcrumbList\",\"@id\":\"https:\/\/amipaiessantmarcal.org\/index.php\/2021\/09\/01\/recordatori-de-la-venda-de-llibres\/#breadcrumb\",\"itemListElement\":[{\"@type\":\"ListItem\",\"position\":1,\"name\":\"Home\",\"item\":\"https:\/\/amipaiessantmarcal.org\/\"},{\"@type\":\"ListItem\",\"position\":2,\"name\":\"Recordatori de la venda de llibres\"}]},{\"@type\":\"WebSite\",\"@id\":\"https:\/\/amipaiessantmarcal.org\/#website\",\"url\":\"https:\/\/amipaiessantmarcal.org\/\",\"name\":\"AFA IES SANT MAR\u00c7AL\",\"description\":\"Associaci\u00f3 de Fam\u00edlies de l&#039;Institut de Sant Mar\u00e7al, Marratxi.\",\"publisher\":{\"@id\":\"https:\/\/amipaiessantmarcal.org\/#organization\"},\"potentialAction\":[{\"@type\":\"SearchAction\",\"target\":{\"@type\":\"EntryPoint\",\"urlTemplate\":\"https:\/\/amipaiessantmarcal.org\/?s={search_term_string}\"},\"query-input\":{\"@type\":\"PropertyValueSpecification\",\"valueRequired\":true,\"valueName\":\"search_term_string\"}}],\"inLanguage\":\"es\"},{\"@type\":\"Organization\",\"@id\":\"https:\/\/amipaiessantmarcal.org\/#organization\",\"name\":\"AFA IES SANT MAR\u00c7AL\",\"url\":\"https:\/\/amipaiessantmarcal.org\/\",\"logo\":{\"@type\":\"ImageObject\",\"inLanguage\":\"es\",\"@id\":\"https:\/\/amipaiessantmarcal.org\/#\/schema\/logo\/image\/\",\"url\":\"https:\/\/amipaiessantmarcal.org\/wp-content\/uploads\/2025\/06\/cropped-Logo-04.jpg\",\"contentUrl\":\"https:\/\/amipaiessantmarcal.org\/wp-content\/uploads\/2025\/06\/cropped-Logo-04.jpg\",\"width\":189,\"height\":250,\"caption\":\"AFA IES SANT MAR\u00c7AL\"},\"image\":{\"@id\":\"https:\/\/amipaiessantmarcal.org\/#\/schema\/logo\/image\/\"}},{\"@type\":\"Person\",\"@id\":\"https:\/\/amipaiessantmarcal.org\/#\/schema\/person\/31ab78cbb0806981fac9e7ae368301e6\",\"name\":\"admin\",\"image\":{\"@type\":\"ImageObject\",\"inLanguage\":\"es\",\"@id\":\"https:\/\/amipaiessantmarcal.org\/#\/schema\/person\/image\/\",\"url\":\"https:\/\/secure.gravatar.com\/avatar\/7cb5fd617fbb3e84ce94bfa3896f4a86?s=96&d=mm&r=g\",\"contentUrl\":\"https:\/\/secure.gravatar.com\/avatar\/7cb5fd617fbb3e84ce94bfa3896f4a86?s=96&d=mm&r=g\",\"caption\":\"admin\"},\"url\":\"https:\/\/amipaiessantmarcal.org\/index.php\/author\/amipaiessantmarcal\/\"}]}<\/script>\n<!-- \/ Yoast SEO plugin. -->","yoast_head_json":{"title":"Recordatori de la venda de llibres - AFA IES SANT MAR\u00c7AL","robots":{"index":"index","follow":"follow","max-snippet":"max-snippet:-1","max-image-preview":"max-image-preview:large","max-video-preview":"max-video-preview:-1"},"canonical":"https:\/\/amipaiessantmarcal.org\/index.php\/2021\/09\/01\/recordatori-de-la-venda-de-llibres\/","og_locale":"es_ES","og_type":"article","og_title":"Recordatori de la venda de llibres - AFA IES SANT MAR\u00c7AL","og_description":"Divendres 3 de setembre de 16\u201320 h&nbsp;al pati de l\u2019IES Sant Mar\u00e7al (davall la porxada) es realitzar\u00e0 la venda de llibres organitza per l&#8217;AMIPA del centre i la col\u00b7laboraci\u00f3 de la Distribuidora Rotger. Si sou socis us beneficiareu del 15% de descompte a la compra de llibres i tamb\u00e9 us regalarem l\u2019agenda escolar i una &hellip; Continuar leyendo \"Recordatori de la venda de llibres\"","og_url":"https:\/\/amipaiessantmarcal.org\/index.php\/2021\/09\/01\/recordatori-de-la-venda-de-llibres\/","og_site_name":"AFA IES SANT MAR\u00c7AL","article_published_time":"2021-09-01T19:45:33+00:00","article_modified_time":"2021-09-01T19:49:27+00:00","og_image":[{"url":"https:\/\/amipaiessantmarcal.org\/wp-content\/uploads\/2021\/09\/botella-1024x766.jpg","type":"","width":"","height":""}],"author":"admin","twitter_card":"summary_large_image","twitter_misc":{"Escrito por":"admin","Tiempo de lectura":"1 minuto"},"schema":{"@context":"https:\/\/schema.org","@graph":[{"@type":"Article","@id":"https:\/\/amipaiessantmarcal.org\/index.php\/2021\/09\/01\/recordatori-de-la-venda-de-llibres\/#article","isPartOf":{"@id":"https:\/\/amipaiessantmarcal.org\/index.php\/2021\/09\/01\/recordatori-de-la-venda-de-llibres\/"},"author":{"name":"admin","@id":"https:\/\/amipaiessantmarcal.org\/#\/schema\/person\/31ab78cbb0806981fac9e7ae368301e6"},"headline":"Recordatori de la venda de llibres","datePublished":"2021-09-01T19:45:33+00:00","dateModified":"2021-09-01T19:49:27+00:00","mainEntityOfPage":{"@id":"https:\/\/amipaiessantmarcal.org\/index.php\/2021\/09\/01\/recordatori-de-la-venda-de-llibres\/"},"wordCount":165,"commentCount":0,"publisher":{"@id":"https:\/\/amipaiessantmarcal.org\/#organization"},"image":{"@id":"https:\/\/amipaiessantmarcal.org\/index.php\/2021\/09\/01\/recordatori-de-la-venda-de-llibres\/#primaryimage"},"thumbnailUrl":"https:\/\/amipaiessantmarcal.org\/wp-content\/uploads\/2021\/09\/botella-1024x766.jpg","articleSection":["Informaci\u00f3 IES"],"inLanguage":"es","potentialAction":[{"@type":"CommentAction","name":"Comment","target":["https:\/\/amipaiessantmarcal.org\/index.php\/2021\/09\/01\/recordatori-de-la-venda-de-llibres\/#respond"]}]},{"@type":"WebPage","@id":"https:\/\/amipaiessantmarcal.org\/index.php\/2021\/09\/01\/recordatori-de-la-venda-de-llibres\/","url":"https:\/\/amipaiessantmarcal.org\/index.php\/2021\/09\/01\/recordatori-de-la-venda-de-llibres\/","name":"Recordatori de la venda de llibres - AFA IES SANT MAR\u00c7AL","isPartOf":{"@id":"https:\/\/amipaiessantmarcal.org\/#website"},"primaryImageOfPage":{"@id":"https:\/\/amipaiessantmarcal.org\/index.php\/2021\/09\/01\/recordatori-de-la-venda-de-llibres\/#primaryimage"},"image":{"@id":"https:\/\/amipaiessantmarcal.org\/index.php\/2021\/09\/01\/recordatori-de-la-venda-de-llibres\/#primaryimage"},"thumbnailUrl":"https:\/\/amipaiessantmarcal.org\/wp-content\/uploads\/2021\/09\/botella-1024x766.jpg","datePublished":"2021-09-01T19:45:33+00:00","dateModified":"2021-09-01T19:49:27+00:00","breadcrumb":{"@id":"https:\/\/amipaiessantmarcal.org\/index.php\/2021\/09\/01\/recordatori-de-la-venda-de-llibres\/#breadcrumb"},"inLanguage":"es","potentialAction":[{"@type":"ReadAction","target":["https:\/\/amipaiessantmarcal.org\/index.php\/2021\/09\/01\/recordatori-de-la-venda-de-llibres\/"]}]},{"@type":"ImageObject","inLanguage":"es","@id":"https:\/\/amipaiessantmarcal.org\/index.php\/2021\/09\/01\/recordatori-de-la-venda-de-llibres\/#primaryimage","url":"https:\/\/amipaiessantmarcal.org\/wp-content\/uploads\/2021\/09\/botella.jpg","contentUrl":"https:\/\/amipaiessantmarcal.org\/wp-content\/uploads\/2021\/09\/botella.jpg","width":1600,"height":1197},{"@type":"BreadcrumbList","@id":"https:\/\/amipaiessantmarcal.org\/index.php\/2021\/09\/01\/recordatori-de-la-venda-de-llibres\/#breadcrumb","itemListElement":[{"@type":"ListItem","position":1,"name":"Home","item":"https:\/\/amipaiessantmarcal.org\/"},{"@type":"ListItem","position":2,"name":"Recordatori de la venda de llibres"}]},{"@type":"WebSite","@id":"https:\/\/amipaiessantmarcal.org\/#website","url":"https:\/\/amipaiessantmarcal.org\/","name":"AFA IES SANT MAR\u00c7AL","description":"Associaci\u00f3 de Fam\u00edlies de l&#039;Institut de Sant Mar\u00e7al, Marratxi.","publisher":{"@id":"https:\/\/amipaiessantmarcal.org\/#organization"},"potentialAction":[{"@type":"SearchAction","target":{"@type":"EntryPoint","urlTemplate":"https:\/\/amipaiessantmarcal.org\/?s={search_term_string}"},"query-input":{"@type":"PropertyValueSpecification","valueRequired":true,"valueName":"search_term_string"}}],"inLanguage":"es"},{"@type":"Organization","@id":"https:\/\/amipaiessantmarcal.org\/#organization","name":"AFA IES SANT MAR\u00c7AL","url":"https:\/\/amipaiessantmarcal.org\/","logo":{"@type":"ImageObject","inLanguage":"es","@id":"https:\/\/amipaiessantmarcal.org\/#\/schema\/logo\/image\/","url":"https:\/\/amipaiessantmarcal.org\/wp-content\/uploads\/2025\/06\/cropped-Logo-04.jpg","contentUrl":"https:\/\/amipaiessantmarcal.org\/wp-content\/uploads\/2025\/06\/cropped-Logo-04.jpg","width":189,"height":250,"caption":"AFA IES SANT MAR\u00c7AL"},"image":{"@id":"https:\/\/amipaiessantmarcal.org\/#\/schema\/logo\/image\/"}},{"@type":"Person","@id":"https:\/\/amipaiessantmarcal.org\/#\/schema\/person\/31ab78cbb0806981fac9e7ae368301e6","name":"admin","image":{"@type":"ImageObject","inLanguage":"es","@id":"https:\/\/amipaiessantmarcal.org\/#\/schema\/person\/image\/","url":"https:\/\/secure.gravatar.com\/avatar\/7cb5fd617fbb3e84ce94bfa3896f4a86?s=96&d=mm&r=g","contentUrl":"https:\/\/secure.gravatar.com\/avatar\/7cb5fd617fbb3e84ce94bfa3896f4a86?s=96&d=mm&r=g","caption":"admin"},"url":"https:\/\/amipaiessantmarcal.org\/index.php\/author\/amipaiessantmarcal\/"}]}},"_links":{"self":[{"href":"https:\/\/amipaiessantmarcal.org\/index.php\/wp-json\/wp\/v2\/posts\/278","targetHints":{"allow":["GET"]}}],"collection":[{"href":"https:\/\/amipaiessantmarcal.org\/index.php\/wp-json\/wp\/v2\/posts"}],"about":[{"href":"https:\/\/amipaiessantmarcal.org\/index.php\/wp-json\/wp\/v2\/types\/post"}],"author":[{"embeddable":true,"href":"https:\/\/amipaiessantmarcal.org\/index.php\/wp-json\/wp\/v2\/users\/1"}],"replies":[{"embeddable":true,"href":"https:\/\/amipaiessantmarcal.org\/index.php\/wp-json\/wp\/v2\/comments?post=278"}],"version-history":[{"count":3,"href":"https:\/\/amipaiessantmarcal.org\/index.php\/wp-json\/wp\/v2\/posts\/278\/revisions"}],"predecessor-version":[{"id":282,"href":"https:\/\/amipaiessantmarcal.org\/index.php\/wp-json\/wp\/v2\/posts\/278\/revisions\/282"}],"wp:attachment":[{"href":"https:\/\/amipaiessantmarcal.org\/index.php\/wp-json\/wp\/v2\/media?parent=278"}],"wp:term":[{"taxonomy":"category","embeddable":true,"href":"https:\/\/amipaiessantmarcal.org\/index.php\/wp-json\/wp\/v2\/categories?post=278"},{"taxonomy":"post_tag","embeddable":true,"href":"https:\/\/amipaiessantmarcal.org\/index.php\/wp-json\/wp\/v2\/tags?post=278"}],"curies":[{"name":"wp","href":"https:\/\/api.w.org\/{rel}","templated":true}]}}