{"id":248,"date":"2021-02-15T18:20:53","date_gmt":"2021-02-15T18:20:53","guid":{"rendered":"https:\/\/amipaiessantmarcal.org\/?p=248"},"modified":"2021-02-15T18:20:53","modified_gmt":"2021-02-15T18:20:53","slug":"xerrada-virtual-tiktok-el-seu-unic-mon","status":"publish","type":"post","link":"https:\/\/amipaiessantmarcal.org\/index.php\/2021\/02\/15\/xerrada-virtual-tiktok-el-seu-unic-mon\/","title":{"rendered":"Xerrada virtual: \u00abTikTok, el seu \u00fanic m\u00f3n\u00bb"},"content":{"rendered":"\n<p><\/p>\n\n\n\n<figure class=\"wp-block-image size-large\"><a href=\"https:\/\/docs.google.com\/forms\/d\/e\/1FAIpQLScPV4fBymdU6MCdb_M7t4axkYS9Ovz4KU8iZcTkLGU__PbXUw\/viewform\"><img loading=\"lazy\" decoding=\"async\" width=\"1024\" height=\"576\" src=\"https:\/\/amipaiessantmarcal.org\/wp-content\/uploads\/2021\/02\/xerrada-tiktok-2-1024x576.jpg\" alt=\"\" class=\"wp-image-249\" srcset=\"https:\/\/amipaiessantmarcal.org\/wp-content\/uploads\/2021\/02\/xerrada-tiktok-2-1024x576.jpg 1024w, https:\/\/amipaiessantmarcal.org\/wp-content\/uploads\/2021\/02\/xerrada-tiktok-2-300x169.jpg 300w, https:\/\/amipaiessantmarcal.org\/wp-content\/uploads\/2021\/02\/xerrada-tiktok-2-768x432.jpg 768w, https:\/\/amipaiessantmarcal.org\/wp-content\/uploads\/2021\/02\/xerrada-tiktok-2-1536x864.jpg 1536w, https:\/\/amipaiessantmarcal.org\/wp-content\/uploads\/2021\/02\/xerrada-tiktok-2-2048x1152.jpg 2048w\" sizes=\"auto, (max-width: 767px) 89vw, (max-width: 1000px) 54vw, (max-width: 1071px) 543px, 580px\" \/><\/a><\/figure>\n\n\n\n<p>En aquesta xerrada parlarem sobre aspectes relacionats amb l\u2019\u00fas problem\u00e0tic de les tecnologies que fan els nostres fills, indicadors d\u2019alarma i pautes de prevenci\u00f3. <\/p>\n\n\n\n<p>Objectius<\/p>\n\n\n\n<ul class=\"wp-block-list\"><li>Dotar les fam\u00edlies de coneixements actualitzats sobre l\u2019\u00fas que els fills\/es fan de les tecnologies digitals<\/li><li>Conscienciar de l\u2019exist\u00e8ncia d\u2019un possible \u00fas problem\u00e0tic de les tecnologies digitals<\/li><li>La fam\u00edlia com a agent d\u2019una educaci\u00f3 en valors per als joves<\/li><li>Con\u00e8ixer els factors de risc i protecci\u00f3 amb relaci\u00f3 a l\u2019\u00fas de les tecnologies digitals<\/li><\/ul>\n\n\n\n<p>Data, horari i lloc de realitzaci\u00f3: Dia 11 de mar\u00e7 de 2021, a les 19 hores\u00a0. Ser\u00e0 una xerrada online. La xerrada es far\u00e0 en llengua castellana.<\/p>\n\n\n\n<p>Ponents: Juan Cantero P\u00e9rez, psic\u00f2leg d\u2019Aglaia, Centre de Psicologia, n\u00fam. de registre 3886, centre associat a la UIB.<\/p>\n\n\n\n<p>Continguts<\/p>\n\n\n\n<ul class=\"wp-block-list\"><li>\u00das problem\u00e0tic de les tecnologies digitals (videojocs, xarxes socials&#8230;)<\/li><li>Relaci\u00f3 entre \u00fas i ab\u00fas de les tecnologies digitals i adolesc\u00e8ncia<\/li><li>Factors de risc i de protecci\u00f3<\/li><li>Conductes indicadores d\u2019un possible problema d&#8217;addicci\u00f3<\/li><li>Estrat\u00e8gies de prevenci\u00f3<\/li><\/ul>\n\n\n\n<p>Inscripci\u00f3:<\/p>\n\n\n\n<p>S\u2019hi poden inscriure a trav\u00e9s <a href=\"https:\/\/docs.google.com\/forms\/d\/e\/1FAIpQLScPV4fBymdU6MCdb_M7t4axkYS9Ovz4KU8iZcTkLGU__PbXUw\/viewform\">d\u2019aquest formulari <\/a>Les places disponibles s&#8217;assignaran per ordre d&#8217;inscripci\u00f3. Una vegada que s\u2019hi hagin inscrit, els participants rebran, unes hores abans que comenci l\u2019activitat, un correu electr\u00f2nic amb l&#8217;enlla\u00e7 web per poder accedir-hi.<\/p>\n\n\n\n<p>Activitat gratu\u00efta<\/p>\n\n\n\n<p>Durada: 60 minuts aproximadament<\/p>\n","protected":false},"excerpt":{"rendered":"<p>En aquesta xerrada parlarem sobre aspectes relacionats amb l\u2019\u00fas problem\u00e0tic de les tecnologies que fan els nostres fills, indicadors d\u2019alarma i pautes de prevenci\u00f3. Objectius Dotar les fam\u00edlies de coneixements actualitzats sobre l\u2019\u00fas que els fills\/es fan de les tecnologies digitals Conscienciar de l\u2019exist\u00e8ncia d\u2019un possible \u00fas problem\u00e0tic de les tecnologies digitals La fam\u00edlia com &hellip; <\/p>\n<p class=\"link-more\"><a href=\"https:\/\/amipaiessantmarcal.org\/index.php\/2021\/02\/15\/xerrada-virtual-tiktok-el-seu-unic-mon\/\" class=\"more-link\">Continuar leyendo<span class=\"screen-reader-text\"> \u00abXerrada virtual: \u00abTikTok, el seu \u00fanic m\u00f3n\u00bb\u00bb<\/span><\/a><\/p>\n","protected":false},"author":1,"featured_media":0,"comment_status":"open","ping_status":"open","sticky":false,"template":"","format":"standard","meta":{"footnotes":""},"categories":[9,14],"tags":[],"class_list":["post-248","post","type-post","status-publish","format-standard","hentry","category-formacio-families","category-informacions-varies"],"yoast_head":"<!-- This site is optimized with the Yoast SEO plugin v24.3 - https:\/\/yoast.com\/wordpress\/plugins\/seo\/ -->\n<title>Xerrada virtual: &quot;TikTok, el seu \u00fanic m\u00f3n&quot; - AFA IES SANT MAR\u00c7AL<\/title>\n<meta name=\"robots\" content=\"index, follow, max-snippet:-1, max-image-preview:large, max-video-preview:-1\" \/>\n<link rel=\"canonical\" href=\"https:\/\/amipaiessantmarcal.org\/index.php\/2021\/02\/15\/xerrada-virtual-tiktok-el-seu-unic-mon\/\" \/>\n<meta property=\"og:locale\" content=\"es_ES\" \/>\n<meta property=\"og:type\" content=\"article\" \/>\n<meta property=\"og:title\" content=\"Xerrada virtual: &quot;TikTok, el seu \u00fanic m\u00f3n&quot; - AFA IES SANT MAR\u00c7AL\" \/>\n<meta property=\"og:description\" content=\"En aquesta xerrada parlarem sobre aspectes relacionats amb l\u2019\u00fas problem\u00e0tic de les tecnologies que fan els nostres fills, indicadors d\u2019alarma i pautes de prevenci\u00f3. Objectius Dotar les fam\u00edlies de coneixements actualitzats sobre l\u2019\u00fas que els fills\/es fan de les tecnologies digitals Conscienciar de l\u2019exist\u00e8ncia d\u2019un possible \u00fas problem\u00e0tic de les tecnologies digitals La fam\u00edlia com &hellip; Continuar leyendo &quot;Xerrada virtual: \u00abTikTok, el seu \u00fanic m\u00f3n\u00bb&quot;\" \/>\n<meta property=\"og:url\" content=\"https:\/\/amipaiessantmarcal.org\/index.php\/2021\/02\/15\/xerrada-virtual-tiktok-el-seu-unic-mon\/\" \/>\n<meta property=\"og:site_name\" content=\"AFA IES SANT MAR\u00c7AL\" \/>\n<meta property=\"article:published_time\" content=\"2021-02-15T18:20:53+00:00\" \/>\n<meta property=\"og:image\" content=\"https:\/\/amipaiessantmarcal.org\/wp-content\/uploads\/2021\/02\/xerrada-tiktok-2-1024x576.jpg\" \/>\n<meta name=\"author\" content=\"admin\" \/>\n<meta name=\"twitter:card\" content=\"summary_large_image\" \/>\n<meta name=\"twitter:label1\" content=\"Escrito por\" \/>\n\t<meta name=\"twitter:data1\" content=\"admin\" \/>\n\t<meta name=\"twitter:label2\" content=\"Tiempo de lectura\" \/>\n\t<meta name=\"twitter:data2\" content=\"2 minutos\" \/>\n<script type=\"application\/ld+json\" class=\"yoast-schema-graph\">{\"@context\":\"https:\/\/schema.org\",\"@graph\":[{\"@type\":\"Article\",\"@id\":\"https:\/\/amipaiessantmarcal.org\/index.php\/2021\/02\/15\/xerrada-virtual-tiktok-el-seu-unic-mon\/#article\",\"isPartOf\":{\"@id\":\"https:\/\/amipaiessantmarcal.org\/index.php\/2021\/02\/15\/xerrada-virtual-tiktok-el-seu-unic-mon\/\"},\"author\":{\"name\":\"admin\",\"@id\":\"https:\/\/amipaiessantmarcal.org\/#\/schema\/person\/31ab78cbb0806981fac9e7ae368301e6\"},\"headline\":\"Xerrada virtual: \u00abTikTok, el seu \u00fanic m\u00f3n\u00bb\",\"datePublished\":\"2021-02-15T18:20:53+00:00\",\"dateModified\":\"2021-02-15T18:20:53+00:00\",\"mainEntityOfPage\":{\"@id\":\"https:\/\/amipaiessantmarcal.org\/index.php\/2021\/02\/15\/xerrada-virtual-tiktok-el-seu-unic-mon\/\"},\"wordCount\":238,\"commentCount\":0,\"publisher\":{\"@id\":\"https:\/\/amipaiessantmarcal.org\/#organization\"},\"image\":{\"@id\":\"https:\/\/amipaiessantmarcal.org\/index.php\/2021\/02\/15\/xerrada-virtual-tiktok-el-seu-unic-mon\/#primaryimage\"},\"thumbnailUrl\":\"https:\/\/amipaiessantmarcal.org\/wp-content\/uploads\/2021\/02\/xerrada-tiktok-2-1024x576.jpg\",\"articleSection\":[\"Formaci\u00f3 families\",\"Informacions varies\"],\"inLanguage\":\"es\",\"potentialAction\":[{\"@type\":\"CommentAction\",\"name\":\"Comment\",\"target\":[\"https:\/\/amipaiessantmarcal.org\/index.php\/2021\/02\/15\/xerrada-virtual-tiktok-el-seu-unic-mon\/#respond\"]}]},{\"@type\":\"WebPage\",\"@id\":\"https:\/\/amipaiessantmarcal.org\/index.php\/2021\/02\/15\/xerrada-virtual-tiktok-el-seu-unic-mon\/\",\"url\":\"https:\/\/amipaiessantmarcal.org\/index.php\/2021\/02\/15\/xerrada-virtual-tiktok-el-seu-unic-mon\/\",\"name\":\"Xerrada virtual: \\\"TikTok, el seu \u00fanic m\u00f3n\\\" - AFA IES SANT MAR\u00c7AL\",\"isPartOf\":{\"@id\":\"https:\/\/amipaiessantmarcal.org\/#website\"},\"primaryImageOfPage\":{\"@id\":\"https:\/\/amipaiessantmarcal.org\/index.php\/2021\/02\/15\/xerrada-virtual-tiktok-el-seu-unic-mon\/#primaryimage\"},\"image\":{\"@id\":\"https:\/\/amipaiessantmarcal.org\/index.php\/2021\/02\/15\/xerrada-virtual-tiktok-el-seu-unic-mon\/#primaryimage\"},\"thumbnailUrl\":\"https:\/\/amipaiessantmarcal.org\/wp-content\/uploads\/2021\/02\/xerrada-tiktok-2-1024x576.jpg\",\"datePublished\":\"2021-02-15T18:20:53+00:00\",\"dateModified\":\"2021-02-15T18:20:53+00:00\",\"breadcrumb\":{\"@id\":\"https:\/\/amipaiessantmarcal.org\/index.php\/2021\/02\/15\/xerrada-virtual-tiktok-el-seu-unic-mon\/#breadcrumb\"},\"inLanguage\":\"es\",\"potentialAction\":[{\"@type\":\"ReadAction\",\"target\":[\"https:\/\/amipaiessantmarcal.org\/index.php\/2021\/02\/15\/xerrada-virtual-tiktok-el-seu-unic-mon\/\"]}]},{\"@type\":\"ImageObject\",\"inLanguage\":\"es\",\"@id\":\"https:\/\/amipaiessantmarcal.org\/index.php\/2021\/02\/15\/xerrada-virtual-tiktok-el-seu-unic-mon\/#primaryimage\",\"url\":\"https:\/\/amipaiessantmarcal.org\/wp-content\/uploads\/2021\/02\/xerrada-tiktok-2.jpg\",\"contentUrl\":\"https:\/\/amipaiessantmarcal.org\/wp-content\/uploads\/2021\/02\/xerrada-tiktok-2.jpg\",\"width\":2560,\"height\":1440},{\"@type\":\"BreadcrumbList\",\"@id\":\"https:\/\/amipaiessantmarcal.org\/index.php\/2021\/02\/15\/xerrada-virtual-tiktok-el-seu-unic-mon\/#breadcrumb\",\"itemListElement\":[{\"@type\":\"ListItem\",\"position\":1,\"name\":\"Home\",\"item\":\"https:\/\/amipaiessantmarcal.org\/\"},{\"@type\":\"ListItem\",\"position\":2,\"name\":\"Xerrada virtual: \u00abTikTok, el seu \u00fanic m\u00f3n\u00bb\"}]},{\"@type\":\"WebSite\",\"@id\":\"https:\/\/amipaiessantmarcal.org\/#website\",\"url\":\"https:\/\/amipaiessantmarcal.org\/\",\"name\":\"AFA IES SANT MAR\u00c7AL\",\"description\":\"Associaci\u00f3 de Fam\u00edlies de l&#039;Institut de Sant Mar\u00e7al, Marratxi.\",\"publisher\":{\"@id\":\"https:\/\/amipaiessantmarcal.org\/#organization\"},\"potentialAction\":[{\"@type\":\"SearchAction\",\"target\":{\"@type\":\"EntryPoint\",\"urlTemplate\":\"https:\/\/amipaiessantmarcal.org\/?s={search_term_string}\"},\"query-input\":{\"@type\":\"PropertyValueSpecification\",\"valueRequired\":true,\"valueName\":\"search_term_string\"}}],\"inLanguage\":\"es\"},{\"@type\":\"Organization\",\"@id\":\"https:\/\/amipaiessantmarcal.org\/#organization\",\"name\":\"AFA IES SANT MAR\u00c7AL\",\"url\":\"https:\/\/amipaiessantmarcal.org\/\",\"logo\":{\"@type\":\"ImageObject\",\"inLanguage\":\"es\",\"@id\":\"https:\/\/amipaiessantmarcal.org\/#\/schema\/logo\/image\/\",\"url\":\"https:\/\/amipaiessantmarcal.org\/wp-content\/uploads\/2025\/06\/cropped-Logo-04.jpg\",\"contentUrl\":\"https:\/\/amipaiessantmarcal.org\/wp-content\/uploads\/2025\/06\/cropped-Logo-04.jpg\",\"width\":189,\"height\":250,\"caption\":\"AFA IES SANT MAR\u00c7AL\"},\"image\":{\"@id\":\"https:\/\/amipaiessantmarcal.org\/#\/schema\/logo\/image\/\"}},{\"@type\":\"Person\",\"@id\":\"https:\/\/amipaiessantmarcal.org\/#\/schema\/person\/31ab78cbb0806981fac9e7ae368301e6\",\"name\":\"admin\",\"image\":{\"@type\":\"ImageObject\",\"inLanguage\":\"es\",\"@id\":\"https:\/\/amipaiessantmarcal.org\/#\/schema\/person\/image\/\",\"url\":\"https:\/\/secure.gravatar.com\/avatar\/7cb5fd617fbb3e84ce94bfa3896f4a86?s=96&d=mm&r=g\",\"contentUrl\":\"https:\/\/secure.gravatar.com\/avatar\/7cb5fd617fbb3e84ce94bfa3896f4a86?s=96&d=mm&r=g\",\"caption\":\"admin\"},\"url\":\"https:\/\/amipaiessantmarcal.org\/index.php\/author\/amipaiessantmarcal\/\"}]}<\/script>\n<!-- \/ Yoast SEO plugin. -->","yoast_head_json":{"title":"Xerrada virtual: \"TikTok, el seu \u00fanic m\u00f3n\" - AFA IES SANT MAR\u00c7AL","robots":{"index":"index","follow":"follow","max-snippet":"max-snippet:-1","max-image-preview":"max-image-preview:large","max-video-preview":"max-video-preview:-1"},"canonical":"https:\/\/amipaiessantmarcal.org\/index.php\/2021\/02\/15\/xerrada-virtual-tiktok-el-seu-unic-mon\/","og_locale":"es_ES","og_type":"article","og_title":"Xerrada virtual: \"TikTok, el seu \u00fanic m\u00f3n\" - AFA IES SANT MAR\u00c7AL","og_description":"En aquesta xerrada parlarem sobre aspectes relacionats amb l\u2019\u00fas problem\u00e0tic de les tecnologies que fan els nostres fills, indicadors d\u2019alarma i pautes de prevenci\u00f3. Objectius Dotar les fam\u00edlies de coneixements actualitzats sobre l\u2019\u00fas que els fills\/es fan de les tecnologies digitals Conscienciar de l\u2019exist\u00e8ncia d\u2019un possible \u00fas problem\u00e0tic de les tecnologies digitals La fam\u00edlia com &hellip; Continuar leyendo \"Xerrada virtual: \u00abTikTok, el seu \u00fanic m\u00f3n\u00bb\"","og_url":"https:\/\/amipaiessantmarcal.org\/index.php\/2021\/02\/15\/xerrada-virtual-tiktok-el-seu-unic-mon\/","og_site_name":"AFA IES SANT MAR\u00c7AL","article_published_time":"2021-02-15T18:20:53+00:00","og_image":[{"url":"https:\/\/amipaiessantmarcal.org\/wp-content\/uploads\/2021\/02\/xerrada-tiktok-2-1024x576.jpg","type":"","width":"","height":""}],"author":"admin","twitter_card":"summary_large_image","twitter_misc":{"Escrito por":"admin","Tiempo de lectura":"2 minutos"},"schema":{"@context":"https:\/\/schema.org","@graph":[{"@type":"Article","@id":"https:\/\/amipaiessantmarcal.org\/index.php\/2021\/02\/15\/xerrada-virtual-tiktok-el-seu-unic-mon\/#article","isPartOf":{"@id":"https:\/\/amipaiessantmarcal.org\/index.php\/2021\/02\/15\/xerrada-virtual-tiktok-el-seu-unic-mon\/"},"author":{"name":"admin","@id":"https:\/\/amipaiessantmarcal.org\/#\/schema\/person\/31ab78cbb0806981fac9e7ae368301e6"},"headline":"Xerrada virtual: \u00abTikTok, el seu \u00fanic m\u00f3n\u00bb","datePublished":"2021-02-15T18:20:53+00:00","dateModified":"2021-02-15T18:20:53+00:00","mainEntityOfPage":{"@id":"https:\/\/amipaiessantmarcal.org\/index.php\/2021\/02\/15\/xerrada-virtual-tiktok-el-seu-unic-mon\/"},"wordCount":238,"commentCount":0,"publisher":{"@id":"https:\/\/amipaiessantmarcal.org\/#organization"},"image":{"@id":"https:\/\/amipaiessantmarcal.org\/index.php\/2021\/02\/15\/xerrada-virtual-tiktok-el-seu-unic-mon\/#primaryimage"},"thumbnailUrl":"https:\/\/amipaiessantmarcal.org\/wp-content\/uploads\/2021\/02\/xerrada-tiktok-2-1024x576.jpg","articleSection":["Formaci\u00f3 families","Informacions varies"],"inLanguage":"es","potentialAction":[{"@type":"CommentAction","name":"Comment","target":["https:\/\/amipaiessantmarcal.org\/index.php\/2021\/02\/15\/xerrada-virtual-tiktok-el-seu-unic-mon\/#respond"]}]},{"@type":"WebPage","@id":"https:\/\/amipaiessantmarcal.org\/index.php\/2021\/02\/15\/xerrada-virtual-tiktok-el-seu-unic-mon\/","url":"https:\/\/amipaiessantmarcal.org\/index.php\/2021\/02\/15\/xerrada-virtual-tiktok-el-seu-unic-mon\/","name":"Xerrada virtual: \"TikTok, el seu \u00fanic m\u00f3n\" - AFA IES SANT MAR\u00c7AL","isPartOf":{"@id":"https:\/\/amipaiessantmarcal.org\/#website"},"primaryImageOfPage":{"@id":"https:\/\/amipaiessantmarcal.org\/index.php\/2021\/02\/15\/xerrada-virtual-tiktok-el-seu-unic-mon\/#primaryimage"},"image":{"@id":"https:\/\/amipaiessantmarcal.org\/index.php\/2021\/02\/15\/xerrada-virtual-tiktok-el-seu-unic-mon\/#primaryimage"},"thumbnailUrl":"https:\/\/amipaiessantmarcal.org\/wp-content\/uploads\/2021\/02\/xerrada-tiktok-2-1024x576.jpg","datePublished":"2021-02-15T18:20:53+00:00","dateModified":"2021-02-15T18:20:53+00:00","breadcrumb":{"@id":"https:\/\/amipaiessantmarcal.org\/index.php\/2021\/02\/15\/xerrada-virtual-tiktok-el-seu-unic-mon\/#breadcrumb"},"inLanguage":"es","potentialAction":[{"@type":"ReadAction","target":["https:\/\/amipaiessantmarcal.org\/index.php\/2021\/02\/15\/xerrada-virtual-tiktok-el-seu-unic-mon\/"]}]},{"@type":"ImageObject","inLanguage":"es","@id":"https:\/\/amipaiessantmarcal.org\/index.php\/2021\/02\/15\/xerrada-virtual-tiktok-el-seu-unic-mon\/#primaryimage","url":"https:\/\/amipaiessantmarcal.org\/wp-content\/uploads\/2021\/02\/xerrada-tiktok-2.jpg","contentUrl":"https:\/\/amipaiessantmarcal.org\/wp-content\/uploads\/2021\/02\/xerrada-tiktok-2.jpg","width":2560,"height":1440},{"@type":"BreadcrumbList","@id":"https:\/\/amipaiessantmarcal.org\/index.php\/2021\/02\/15\/xerrada-virtual-tiktok-el-seu-unic-mon\/#breadcrumb","itemListElement":[{"@type":"ListItem","position":1,"name":"Home","item":"https:\/\/amipaiessantmarcal.org\/"},{"@type":"ListItem","position":2,"name":"Xerrada virtual: \u00abTikTok, el seu \u00fanic m\u00f3n\u00bb"}]},{"@type":"WebSite","@id":"https:\/\/amipaiessantmarcal.org\/#website","url":"https:\/\/amipaiessantmarcal.org\/","name":"AFA IES SANT MAR\u00c7AL","description":"Associaci\u00f3 de Fam\u00edlies de l&#039;Institut de Sant Mar\u00e7al, Marratxi.","publisher":{"@id":"https:\/\/amipaiessantmarcal.org\/#organization"},"potentialAction":[{"@type":"SearchAction","target":{"@type":"EntryPoint","urlTemplate":"https:\/\/amipaiessantmarcal.org\/?s={search_term_string}"},"query-input":{"@type":"PropertyValueSpecification","valueRequired":true,"valueName":"search_term_string"}}],"inLanguage":"es"},{"@type":"Organization","@id":"https:\/\/amipaiessantmarcal.org\/#organization","name":"AFA IES SANT MAR\u00c7AL","url":"https:\/\/amipaiessantmarcal.org\/","logo":{"@type":"ImageObject","inLanguage":"es","@id":"https:\/\/amipaiessantmarcal.org\/#\/schema\/logo\/image\/","url":"https:\/\/amipaiessantmarcal.org\/wp-content\/uploads\/2025\/06\/cropped-Logo-04.jpg","contentUrl":"https:\/\/amipaiessantmarcal.org\/wp-content\/uploads\/2025\/06\/cropped-Logo-04.jpg","width":189,"height":250,"caption":"AFA IES SANT MAR\u00c7AL"},"image":{"@id":"https:\/\/amipaiessantmarcal.org\/#\/schema\/logo\/image\/"}},{"@type":"Person","@id":"https:\/\/amipaiessantmarcal.org\/#\/schema\/person\/31ab78cbb0806981fac9e7ae368301e6","name":"admin","image":{"@type":"ImageObject","inLanguage":"es","@id":"https:\/\/amipaiessantmarcal.org\/#\/schema\/person\/image\/","url":"https:\/\/secure.gravatar.com\/avatar\/7cb5fd617fbb3e84ce94bfa3896f4a86?s=96&d=mm&r=g","contentUrl":"https:\/\/secure.gravatar.com\/avatar\/7cb5fd617fbb3e84ce94bfa3896f4a86?s=96&d=mm&r=g","caption":"admin"},"url":"https:\/\/amipaiessantmarcal.org\/index.php\/author\/amipaiessantmarcal\/"}]}},"_links":{"self":[{"href":"https:\/\/amipaiessantmarcal.org\/index.php\/wp-json\/wp\/v2\/posts\/248","targetHints":{"allow":["GET"]}}],"collection":[{"href":"https:\/\/amipaiessantmarcal.org\/index.php\/wp-json\/wp\/v2\/posts"}],"about":[{"href":"https:\/\/amipaiessantmarcal.org\/index.php\/wp-json\/wp\/v2\/types\/post"}],"author":[{"embeddable":true,"href":"https:\/\/amipaiessantmarcal.org\/index.php\/wp-json\/wp\/v2\/users\/1"}],"replies":[{"embeddable":true,"href":"https:\/\/amipaiessantmarcal.org\/index.php\/wp-json\/wp\/v2\/comments?post=248"}],"version-history":[{"count":3,"href":"https:\/\/amipaiessantmarcal.org\/index.php\/wp-json\/wp\/v2\/posts\/248\/revisions"}],"predecessor-version":[{"id":252,"href":"https:\/\/amipaiessantmarcal.org\/index.php\/wp-json\/wp\/v2\/posts\/248\/revisions\/252"}],"wp:attachment":[{"href":"https:\/\/amipaiessantmarcal.org\/index.php\/wp-json\/wp\/v2\/media?parent=248"}],"wp:term":[{"taxonomy":"category","embeddable":true,"href":"https:\/\/amipaiessantmarcal.org\/index.php\/wp-json\/wp\/v2\/categories?post=248"},{"taxonomy":"post_tag","embeddable":true,"href":"https:\/\/amipaiessantmarcal.org\/index.php\/wp-json\/wp\/v2\/tags?post=248"}],"curies":[{"name":"wp","href":"https:\/\/api.w.org\/{rel}","templated":true}]}}