{"id":227,"date":"2020-11-05T17:55:00","date_gmt":"2020-11-05T17:55:00","guid":{"rendered":"https:\/\/amipaiessantmarcal.org\/?p=227"},"modified":"2020-11-05T17:55:00","modified_gmt":"2020-11-05T17:55:00","slug":"ajudes-a-la-compra-de-llibres-de-text-i-material-escolar-per-al-curs-2020-2021","status":"publish","type":"post","link":"https:\/\/amipaiessantmarcal.org\/index.php\/2020\/11\/05\/ajudes-a-la-compra-de-llibres-de-text-i-material-escolar-per-al-curs-2020-2021\/","title":{"rendered":"Ajudes a la compra de llibres de text i material escolar per al curs 2020\/2021"},"content":{"rendered":"\n<p>Des de l&#8217;\u00c0rea de Serveis Socials de l&#8217;ajuntament de Marratx\u00ed s&#8217;ha posat en marxa la convocat\u00f2ria d&#8217;ajudes per llibres i material escolar pel curs 2020-2021. El total destinat a aquestes ajudes es de 50.000 euros.\u00a0 Les ajudes a concedir oscil\u00b7len entre 110 i 225 euros per\u00a0 a tots els nivells educatius: Educaci\u00f3 Infantil, Prim\u00e0ria, Secund\u00e0ria, Batxillerat i FP de grau mitj\u00e0 o superior.<\/p>\n\n\n\n<p>En el seg\u00fcent enlla\u00e7 podeu trobar tota la informaci\u00f3: <a href=\"https:\/\/www.mtxi.es\/lajuntament-de-marratxi-destinara-50-000-euros-en-ajudes-a-la-compra-de-llibres-de-text-i-material-escolar-per-al-curs-2020-2021\/\" target=\"_blank\" rel=\"noreferrer noopener\">https:\/\/www.mtxi.es\/lajuntament-de-marratxi-destinara-50-000-euros-en-ajudes-a-la-compra-de-llibres-de-text-i-material-escolar-per-al-curs-2020-2021\/<\/a><\/p>\n","protected":false},"excerpt":{"rendered":"<p>Des de l&#8217;\u00c0rea de Serveis Socials de l&#8217;ajuntament de Marratx\u00ed s&#8217;ha posat en marxa la convocat\u00f2ria d&#8217;ajudes per llibres i material escolar pel curs 2020-2021. El total destinat a aquestes ajudes es de 50.000 euros.\u00a0 Les ajudes a concedir oscil\u00b7len entre 110 i 225 euros per\u00a0 a tots els nivells educatius: Educaci\u00f3 Infantil, Prim\u00e0ria, Secund\u00e0ria, &hellip; <\/p>\n<p class=\"link-more\"><a href=\"https:\/\/amipaiessantmarcal.org\/index.php\/2020\/11\/05\/ajudes-a-la-compra-de-llibres-de-text-i-material-escolar-per-al-curs-2020-2021\/\" class=\"more-link\">Continuar leyendo<span class=\"screen-reader-text\"> \u00abAjudes a la compra de llibres de text i material escolar per al curs 2020\/2021\u00bb<\/span><\/a><\/p>\n","protected":false},"author":1,"featured_media":0,"comment_status":"open","ping_status":"open","sticky":false,"template":"","format":"standard","meta":{"footnotes":""},"categories":[14,12],"tags":[],"class_list":["post-227","post","type-post","status-publish","format-standard","hentry","category-informacions-varies","category-noticies"],"yoast_head":"<!-- This site is optimized with the Yoast SEO plugin v24.3 - https:\/\/yoast.com\/wordpress\/plugins\/seo\/ -->\n<title>Ajudes a la compra de llibres de text i material escolar per al curs 2020\/2021 - AFA IES SANT MAR\u00c7AL<\/title>\n<meta name=\"robots\" content=\"index, follow, max-snippet:-1, max-image-preview:large, max-video-preview:-1\" \/>\n<link rel=\"canonical\" href=\"https:\/\/amipaiessantmarcal.org\/index.php\/2020\/11\/05\/ajudes-a-la-compra-de-llibres-de-text-i-material-escolar-per-al-curs-2020-2021\/\" \/>\n<meta property=\"og:locale\" content=\"es_ES\" \/>\n<meta property=\"og:type\" content=\"article\" \/>\n<meta property=\"og:title\" content=\"Ajudes a la compra de llibres de text i material escolar per al curs 2020\/2021 - AFA IES SANT MAR\u00c7AL\" \/>\n<meta property=\"og:description\" content=\"Des de l&#8217;\u00c0rea de Serveis Socials de l&#8217;ajuntament de Marratx\u00ed s&#8217;ha posat en marxa la convocat\u00f2ria d&#8217;ajudes per llibres i material escolar pel curs 2020-2021. El total destinat a aquestes ajudes es de 50.000 euros.\u00a0 Les ajudes a concedir oscil\u00b7len entre 110 i 225 euros per\u00a0 a tots els nivells educatius: Educaci\u00f3 Infantil, Prim\u00e0ria, Secund\u00e0ria, &hellip; Continuar leyendo &quot;Ajudes a la compra de llibres de text i material escolar per al curs 2020\/2021&quot;\" \/>\n<meta property=\"og:url\" content=\"https:\/\/amipaiessantmarcal.org\/index.php\/2020\/11\/05\/ajudes-a-la-compra-de-llibres-de-text-i-material-escolar-per-al-curs-2020-2021\/\" \/>\n<meta property=\"og:site_name\" content=\"AFA IES SANT MAR\u00c7AL\" \/>\n<meta property=\"article:published_time\" content=\"2020-11-05T17:55:00+00:00\" \/>\n<meta name=\"author\" content=\"admin\" \/>\n<meta name=\"twitter:card\" content=\"summary_large_image\" \/>\n<meta name=\"twitter:label1\" content=\"Escrito por\" \/>\n\t<meta name=\"twitter:data1\" content=\"admin\" \/>\n<script type=\"application\/ld+json\" class=\"yoast-schema-graph\">{\"@context\":\"https:\/\/schema.org\",\"@graph\":[{\"@type\":\"Article\",\"@id\":\"https:\/\/amipaiessantmarcal.org\/index.php\/2020\/11\/05\/ajudes-a-la-compra-de-llibres-de-text-i-material-escolar-per-al-curs-2020-2021\/#article\",\"isPartOf\":{\"@id\":\"https:\/\/amipaiessantmarcal.org\/index.php\/2020\/11\/05\/ajudes-a-la-compra-de-llibres-de-text-i-material-escolar-per-al-curs-2020-2021\/\"},\"author\":{\"name\":\"admin\",\"@id\":\"https:\/\/amipaiessantmarcal.org\/#\/schema\/person\/31ab78cbb0806981fac9e7ae368301e6\"},\"headline\":\"Ajudes a la compra de llibres de text i material escolar per al curs 2020\/2021\",\"datePublished\":\"2020-11-05T17:55:00+00:00\",\"dateModified\":\"2020-11-05T17:55:00+00:00\",\"mainEntityOfPage\":{\"@id\":\"https:\/\/amipaiessantmarcal.org\/index.php\/2020\/11\/05\/ajudes-a-la-compra-de-llibres-de-text-i-material-escolar-per-al-curs-2020-2021\/\"},\"wordCount\":97,\"commentCount\":0,\"publisher\":{\"@id\":\"https:\/\/amipaiessantmarcal.org\/#organization\"},\"articleSection\":[\"Informacions varies\",\"Noticies\"],\"inLanguage\":\"es\",\"potentialAction\":[{\"@type\":\"CommentAction\",\"name\":\"Comment\",\"target\":[\"https:\/\/amipaiessantmarcal.org\/index.php\/2020\/11\/05\/ajudes-a-la-compra-de-llibres-de-text-i-material-escolar-per-al-curs-2020-2021\/#respond\"]}]},{\"@type\":\"WebPage\",\"@id\":\"https:\/\/amipaiessantmarcal.org\/index.php\/2020\/11\/05\/ajudes-a-la-compra-de-llibres-de-text-i-material-escolar-per-al-curs-2020-2021\/\",\"url\":\"https:\/\/amipaiessantmarcal.org\/index.php\/2020\/11\/05\/ajudes-a-la-compra-de-llibres-de-text-i-material-escolar-per-al-curs-2020-2021\/\",\"name\":\"Ajudes a la compra de llibres de text i material escolar per al curs 2020\/2021 - AFA IES SANT MAR\u00c7AL\",\"isPartOf\":{\"@id\":\"https:\/\/amipaiessantmarcal.org\/#website\"},\"datePublished\":\"2020-11-05T17:55:00+00:00\",\"dateModified\":\"2020-11-05T17:55:00+00:00\",\"breadcrumb\":{\"@id\":\"https:\/\/amipaiessantmarcal.org\/index.php\/2020\/11\/05\/ajudes-a-la-compra-de-llibres-de-text-i-material-escolar-per-al-curs-2020-2021\/#breadcrumb\"},\"inLanguage\":\"es\",\"potentialAction\":[{\"@type\":\"ReadAction\",\"target\":[\"https:\/\/amipaiessantmarcal.org\/index.php\/2020\/11\/05\/ajudes-a-la-compra-de-llibres-de-text-i-material-escolar-per-al-curs-2020-2021\/\"]}]},{\"@type\":\"BreadcrumbList\",\"@id\":\"https:\/\/amipaiessantmarcal.org\/index.php\/2020\/11\/05\/ajudes-a-la-compra-de-llibres-de-text-i-material-escolar-per-al-curs-2020-2021\/#breadcrumb\",\"itemListElement\":[{\"@type\":\"ListItem\",\"position\":1,\"name\":\"Home\",\"item\":\"https:\/\/amipaiessantmarcal.org\/\"},{\"@type\":\"ListItem\",\"position\":2,\"name\":\"Ajudes a la compra de llibres de text i material escolar per al curs 2020\/2021\"}]},{\"@type\":\"WebSite\",\"@id\":\"https:\/\/amipaiessantmarcal.org\/#website\",\"url\":\"https:\/\/amipaiessantmarcal.org\/\",\"name\":\"AFA IES SANT MAR\u00c7AL\",\"description\":\"Associaci\u00f3 de Fam\u00edlies de l&#039;Institut de Sant Mar\u00e7al, Marratxi.\",\"publisher\":{\"@id\":\"https:\/\/amipaiessantmarcal.org\/#organization\"},\"potentialAction\":[{\"@type\":\"SearchAction\",\"target\":{\"@type\":\"EntryPoint\",\"urlTemplate\":\"https:\/\/amipaiessantmarcal.org\/?s={search_term_string}\"},\"query-input\":{\"@type\":\"PropertyValueSpecification\",\"valueRequired\":true,\"valueName\":\"search_term_string\"}}],\"inLanguage\":\"es\"},{\"@type\":\"Organization\",\"@id\":\"https:\/\/amipaiessantmarcal.org\/#organization\",\"name\":\"AFA IES SANT MAR\u00c7AL\",\"url\":\"https:\/\/amipaiessantmarcal.org\/\",\"logo\":{\"@type\":\"ImageObject\",\"inLanguage\":\"es\",\"@id\":\"https:\/\/amipaiessantmarcal.org\/#\/schema\/logo\/image\/\",\"url\":\"https:\/\/amipaiessantmarcal.org\/wp-content\/uploads\/2025\/06\/cropped-Logo-04.jpg\",\"contentUrl\":\"https:\/\/amipaiessantmarcal.org\/wp-content\/uploads\/2025\/06\/cropped-Logo-04.jpg\",\"width\":189,\"height\":250,\"caption\":\"AFA IES SANT MAR\u00c7AL\"},\"image\":{\"@id\":\"https:\/\/amipaiessantmarcal.org\/#\/schema\/logo\/image\/\"}},{\"@type\":\"Person\",\"@id\":\"https:\/\/amipaiessantmarcal.org\/#\/schema\/person\/31ab78cbb0806981fac9e7ae368301e6\",\"name\":\"admin\",\"image\":{\"@type\":\"ImageObject\",\"inLanguage\":\"es\",\"@id\":\"https:\/\/amipaiessantmarcal.org\/#\/schema\/person\/image\/\",\"url\":\"https:\/\/secure.gravatar.com\/avatar\/7cb5fd617fbb3e84ce94bfa3896f4a86?s=96&d=mm&r=g\",\"contentUrl\":\"https:\/\/secure.gravatar.com\/avatar\/7cb5fd617fbb3e84ce94bfa3896f4a86?s=96&d=mm&r=g\",\"caption\":\"admin\"},\"url\":\"https:\/\/amipaiessantmarcal.org\/index.php\/author\/amipaiessantmarcal\/\"}]}<\/script>\n<!-- \/ Yoast SEO plugin. -->","yoast_head_json":{"title":"Ajudes a la compra de llibres de text i material escolar per al curs 2020\/2021 - AFA IES SANT MAR\u00c7AL","robots":{"index":"index","follow":"follow","max-snippet":"max-snippet:-1","max-image-preview":"max-image-preview:large","max-video-preview":"max-video-preview:-1"},"canonical":"https:\/\/amipaiessantmarcal.org\/index.php\/2020\/11\/05\/ajudes-a-la-compra-de-llibres-de-text-i-material-escolar-per-al-curs-2020-2021\/","og_locale":"es_ES","og_type":"article","og_title":"Ajudes a la compra de llibres de text i material escolar per al curs 2020\/2021 - AFA IES SANT MAR\u00c7AL","og_description":"Des de l&#8217;\u00c0rea de Serveis Socials de l&#8217;ajuntament de Marratx\u00ed s&#8217;ha posat en marxa la convocat\u00f2ria d&#8217;ajudes per llibres i material escolar pel curs 2020-2021. El total destinat a aquestes ajudes es de 50.000 euros.\u00a0 Les ajudes a concedir oscil\u00b7len entre 110 i 225 euros per\u00a0 a tots els nivells educatius: Educaci\u00f3 Infantil, Prim\u00e0ria, Secund\u00e0ria, &hellip; Continuar leyendo \"Ajudes a la compra de llibres de text i material escolar per al curs 2020\/2021\"","og_url":"https:\/\/amipaiessantmarcal.org\/index.php\/2020\/11\/05\/ajudes-a-la-compra-de-llibres-de-text-i-material-escolar-per-al-curs-2020-2021\/","og_site_name":"AFA IES SANT MAR\u00c7AL","article_published_time":"2020-11-05T17:55:00+00:00","author":"admin","twitter_card":"summary_large_image","twitter_misc":{"Escrito por":"admin"},"schema":{"@context":"https:\/\/schema.org","@graph":[{"@type":"Article","@id":"https:\/\/amipaiessantmarcal.org\/index.php\/2020\/11\/05\/ajudes-a-la-compra-de-llibres-de-text-i-material-escolar-per-al-curs-2020-2021\/#article","isPartOf":{"@id":"https:\/\/amipaiessantmarcal.org\/index.php\/2020\/11\/05\/ajudes-a-la-compra-de-llibres-de-text-i-material-escolar-per-al-curs-2020-2021\/"},"author":{"name":"admin","@id":"https:\/\/amipaiessantmarcal.org\/#\/schema\/person\/31ab78cbb0806981fac9e7ae368301e6"},"headline":"Ajudes a la compra de llibres de text i material escolar per al curs 2020\/2021","datePublished":"2020-11-05T17:55:00+00:00","dateModified":"2020-11-05T17:55:00+00:00","mainEntityOfPage":{"@id":"https:\/\/amipaiessantmarcal.org\/index.php\/2020\/11\/05\/ajudes-a-la-compra-de-llibres-de-text-i-material-escolar-per-al-curs-2020-2021\/"},"wordCount":97,"commentCount":0,"publisher":{"@id":"https:\/\/amipaiessantmarcal.org\/#organization"},"articleSection":["Informacions varies","Noticies"],"inLanguage":"es","potentialAction":[{"@type":"CommentAction","name":"Comment","target":["https:\/\/amipaiessantmarcal.org\/index.php\/2020\/11\/05\/ajudes-a-la-compra-de-llibres-de-text-i-material-escolar-per-al-curs-2020-2021\/#respond"]}]},{"@type":"WebPage","@id":"https:\/\/amipaiessantmarcal.org\/index.php\/2020\/11\/05\/ajudes-a-la-compra-de-llibres-de-text-i-material-escolar-per-al-curs-2020-2021\/","url":"https:\/\/amipaiessantmarcal.org\/index.php\/2020\/11\/05\/ajudes-a-la-compra-de-llibres-de-text-i-material-escolar-per-al-curs-2020-2021\/","name":"Ajudes a la compra de llibres de text i material escolar per al curs 2020\/2021 - AFA IES SANT MAR\u00c7AL","isPartOf":{"@id":"https:\/\/amipaiessantmarcal.org\/#website"},"datePublished":"2020-11-05T17:55:00+00:00","dateModified":"2020-11-05T17:55:00+00:00","breadcrumb":{"@id":"https:\/\/amipaiessantmarcal.org\/index.php\/2020\/11\/05\/ajudes-a-la-compra-de-llibres-de-text-i-material-escolar-per-al-curs-2020-2021\/#breadcrumb"},"inLanguage":"es","potentialAction":[{"@type":"ReadAction","target":["https:\/\/amipaiessantmarcal.org\/index.php\/2020\/11\/05\/ajudes-a-la-compra-de-llibres-de-text-i-material-escolar-per-al-curs-2020-2021\/"]}]},{"@type":"BreadcrumbList","@id":"https:\/\/amipaiessantmarcal.org\/index.php\/2020\/11\/05\/ajudes-a-la-compra-de-llibres-de-text-i-material-escolar-per-al-curs-2020-2021\/#breadcrumb","itemListElement":[{"@type":"ListItem","position":1,"name":"Home","item":"https:\/\/amipaiessantmarcal.org\/"},{"@type":"ListItem","position":2,"name":"Ajudes a la compra de llibres de text i material escolar per al curs 2020\/2021"}]},{"@type":"WebSite","@id":"https:\/\/amipaiessantmarcal.org\/#website","url":"https:\/\/amipaiessantmarcal.org\/","name":"AFA IES SANT MAR\u00c7AL","description":"Associaci\u00f3 de Fam\u00edlies de l&#039;Institut de Sant Mar\u00e7al, Marratxi.","publisher":{"@id":"https:\/\/amipaiessantmarcal.org\/#organization"},"potentialAction":[{"@type":"SearchAction","target":{"@type":"EntryPoint","urlTemplate":"https:\/\/amipaiessantmarcal.org\/?s={search_term_string}"},"query-input":{"@type":"PropertyValueSpecification","valueRequired":true,"valueName":"search_term_string"}}],"inLanguage":"es"},{"@type":"Organization","@id":"https:\/\/amipaiessantmarcal.org\/#organization","name":"AFA IES SANT MAR\u00c7AL","url":"https:\/\/amipaiessantmarcal.org\/","logo":{"@type":"ImageObject","inLanguage":"es","@id":"https:\/\/amipaiessantmarcal.org\/#\/schema\/logo\/image\/","url":"https:\/\/amipaiessantmarcal.org\/wp-content\/uploads\/2025\/06\/cropped-Logo-04.jpg","contentUrl":"https:\/\/amipaiessantmarcal.org\/wp-content\/uploads\/2025\/06\/cropped-Logo-04.jpg","width":189,"height":250,"caption":"AFA IES SANT MAR\u00c7AL"},"image":{"@id":"https:\/\/amipaiessantmarcal.org\/#\/schema\/logo\/image\/"}},{"@type":"Person","@id":"https:\/\/amipaiessantmarcal.org\/#\/schema\/person\/31ab78cbb0806981fac9e7ae368301e6","name":"admin","image":{"@type":"ImageObject","inLanguage":"es","@id":"https:\/\/amipaiessantmarcal.org\/#\/schema\/person\/image\/","url":"https:\/\/secure.gravatar.com\/avatar\/7cb5fd617fbb3e84ce94bfa3896f4a86?s=96&d=mm&r=g","contentUrl":"https:\/\/secure.gravatar.com\/avatar\/7cb5fd617fbb3e84ce94bfa3896f4a86?s=96&d=mm&r=g","caption":"admin"},"url":"https:\/\/amipaiessantmarcal.org\/index.php\/author\/amipaiessantmarcal\/"}]}},"_links":{"self":[{"href":"https:\/\/amipaiessantmarcal.org\/index.php\/wp-json\/wp\/v2\/posts\/227","targetHints":{"allow":["GET"]}}],"collection":[{"href":"https:\/\/amipaiessantmarcal.org\/index.php\/wp-json\/wp\/v2\/posts"}],"about":[{"href":"https:\/\/amipaiessantmarcal.org\/index.php\/wp-json\/wp\/v2\/types\/post"}],"author":[{"embeddable":true,"href":"https:\/\/amipaiessantmarcal.org\/index.php\/wp-json\/wp\/v2\/users\/1"}],"replies":[{"embeddable":true,"href":"https:\/\/amipaiessantmarcal.org\/index.php\/wp-json\/wp\/v2\/comments?post=227"}],"version-history":[{"count":2,"href":"https:\/\/amipaiessantmarcal.org\/index.php\/wp-json\/wp\/v2\/posts\/227\/revisions"}],"predecessor-version":[{"id":229,"href":"https:\/\/amipaiessantmarcal.org\/index.php\/wp-json\/wp\/v2\/posts\/227\/revisions\/229"}],"wp:attachment":[{"href":"https:\/\/amipaiessantmarcal.org\/index.php\/wp-json\/wp\/v2\/media?parent=227"}],"wp:term":[{"taxonomy":"category","embeddable":true,"href":"https:\/\/amipaiessantmarcal.org\/index.php\/wp-json\/wp\/v2\/categories?post=227"},{"taxonomy":"post_tag","embeddable":true,"href":"https:\/\/amipaiessantmarcal.org\/index.php\/wp-json\/wp\/v2\/tags?post=227"}],"curies":[{"name":"wp","href":"https:\/\/api.w.org\/{rel}","templated":true}]}}