{"id":221,"date":"2020-10-28T15:31:34","date_gmt":"2020-10-28T15:31:34","guid":{"rendered":"https:\/\/amipaiessantmarcal.org\/?p=221"},"modified":"2020-10-28T15:33:03","modified_gmt":"2020-10-28T15:33:03","slug":"assemblea-ordinaria-i-extraordinaria-de-lamipa","status":"publish","type":"post","link":"https:\/\/amipaiessantmarcal.org\/index.php\/2020\/10\/28\/assemblea-ordinaria-i-extraordinaria-de-lamipa\/","title":{"rendered":"Assemblea ordin\u00e0ria i extraordin\u00e0ria de l&#8217;AMIPA"},"content":{"rendered":"\n<p><strong>Assemblea generals ordin\u00e0ria i extraordin\u00e0ria de socis i s\u00f2cies de l\u2019AMIPA de l\u2019IES Sant Mar\u00e7al 2020<\/strong><\/p>\n\n\n\n<p>Sou convocats a l\u2019assemblea general ordin\u00e0ria i extraordin\u00e0ria que es celebrar\u00e0 dijous dia 29 d\u2019octubre a les 18:30 h. en primera convocat\u00f2ria i a les 19:00 h. en segona convocat\u00f2ria. Davant l\u2019actual situaci\u00f3 sanit\u00e0ria la convocat\u00f2ria ser\u00e0 per videoconfer\u00e8ncia, fent-se per Meet. Uns dies abans de l\u2019assemblea us farem arribar per correu electr\u00f2nic l\u2019enlla\u00e7 per accedir a la mateixa.<\/p>\n\n\n\n<p>L\u2019ordre del dia de l\u2019assemblea ser\u00e0 el seg\u00fcent:<\/p>\n\n\n\n<p><strong>Assemblea general ordin\u00e0ria:<\/strong><\/p>\n\n\n\n<ol class=\"wp-block-list\"><li>Aprovaci\u00f3 de la gesti\u00f3 econ\u00f2mica 2019 i pressupost del 2020-21<\/li><li>Aprovaci\u00f3 de la mem\u00f2ria d\u2019activitats 2019 i proposta del 2020-21<\/li><li>Precs i preguntes<\/li><\/ol>\n\n\n\n<p><strong>Un cop acabada es far\u00e0 a continuaci\u00f3 l\u2019Assemblea general extraordin\u00e0ria:<\/strong><\/p>\n\n\n\n<ol class=\"wp-block-list\"><li>Elecci\u00f3 de nova junta directiva de l\u2019AMIPA<\/li><\/ol>\n\n\n\n<p>Esperam la vostra assist\u00e8ncia<\/p>\n\n\n\n<p>M. Carmen<\/p>\n\n\n\n<p>Predidenta de l\u2019AMIPA de l\u2019IES Sant Mar\u00e7al<\/p>\n","protected":false},"excerpt":{"rendered":"<p>Assemblea generals ordin\u00e0ria i extraordin\u00e0ria de socis i s\u00f2cies de l\u2019AMIPA de l\u2019IES Sant Mar\u00e7al 2020 Sou convocats a l\u2019assemblea general ordin\u00e0ria i extraordin\u00e0ria que es celebrar\u00e0 dijous dia 29 d\u2019octubre a les 18:30 h. en primera convocat\u00f2ria i a les 19:00 h. en segona convocat\u00f2ria. Davant l\u2019actual situaci\u00f3 sanit\u00e0ria la convocat\u00f2ria ser\u00e0 per videoconfer\u00e8ncia, &hellip; <\/p>\n<p class=\"link-more\"><a href=\"https:\/\/amipaiessantmarcal.org\/index.php\/2020\/10\/28\/assemblea-ordinaria-i-extraordinaria-de-lamipa\/\" class=\"more-link\">Continuar leyendo<span class=\"screen-reader-text\"> \u00abAssemblea ordin\u00e0ria i extraordin\u00e0ria de l&#8217;AMIPA\u00bb<\/span><\/a><\/p>\n","protected":false},"author":1,"featured_media":0,"comment_status":"open","ping_status":"open","sticky":false,"template":"","format":"standard","meta":{"footnotes":""},"categories":[14,12,13],"tags":[],"class_list":["post-221","post","type-post","status-publish","format-standard","hentry","category-informacions-varies","category-noticies","category-reunions-junta"],"yoast_head":"<!-- This site is optimized with the Yoast SEO plugin v24.3 - https:\/\/yoast.com\/wordpress\/plugins\/seo\/ -->\n<title>Assemblea ordin\u00e0ria i extraordin\u00e0ria de l&#039;AMIPA - AFA IES SANT MAR\u00c7AL<\/title>\n<meta name=\"robots\" content=\"index, follow, max-snippet:-1, max-image-preview:large, max-video-preview:-1\" \/>\n<link rel=\"canonical\" href=\"https:\/\/amipaiessantmarcal.org\/index.php\/2020\/10\/28\/assemblea-ordinaria-i-extraordinaria-de-lamipa\/\" \/>\n<meta property=\"og:locale\" content=\"es_ES\" \/>\n<meta property=\"og:type\" content=\"article\" \/>\n<meta property=\"og:title\" content=\"Assemblea ordin\u00e0ria i extraordin\u00e0ria de l&#039;AMIPA - AFA IES SANT MAR\u00c7AL\" \/>\n<meta property=\"og:description\" content=\"Assemblea generals ordin\u00e0ria i extraordin\u00e0ria de socis i s\u00f2cies de l\u2019AMIPA de l\u2019IES Sant Mar\u00e7al 2020 Sou convocats a l\u2019assemblea general ordin\u00e0ria i extraordin\u00e0ria que es celebrar\u00e0 dijous dia 29 d\u2019octubre a les 18:30 h. en primera convocat\u00f2ria i a les 19:00 h. en segona convocat\u00f2ria. Davant l\u2019actual situaci\u00f3 sanit\u00e0ria la convocat\u00f2ria ser\u00e0 per videoconfer\u00e8ncia, &hellip; Continuar leyendo &quot;Assemblea ordin\u00e0ria i extraordin\u00e0ria de l&#8217;AMIPA&quot;\" \/>\n<meta property=\"og:url\" content=\"https:\/\/amipaiessantmarcal.org\/index.php\/2020\/10\/28\/assemblea-ordinaria-i-extraordinaria-de-lamipa\/\" \/>\n<meta property=\"og:site_name\" content=\"AFA IES SANT MAR\u00c7AL\" \/>\n<meta property=\"article:published_time\" content=\"2020-10-28T15:31:34+00:00\" \/>\n<meta property=\"article:modified_time\" content=\"2020-10-28T15:33:03+00:00\" \/>\n<meta name=\"author\" content=\"admin\" \/>\n<meta name=\"twitter:card\" content=\"summary_large_image\" \/>\n<meta name=\"twitter:label1\" content=\"Escrito por\" \/>\n\t<meta name=\"twitter:data1\" content=\"admin\" \/>\n\t<meta name=\"twitter:label2\" content=\"Tiempo de lectura\" \/>\n\t<meta name=\"twitter:data2\" content=\"1 minuto\" \/>\n<script type=\"application\/ld+json\" class=\"yoast-schema-graph\">{\"@context\":\"https:\/\/schema.org\",\"@graph\":[{\"@type\":\"Article\",\"@id\":\"https:\/\/amipaiessantmarcal.org\/index.php\/2020\/10\/28\/assemblea-ordinaria-i-extraordinaria-de-lamipa\/#article\",\"isPartOf\":{\"@id\":\"https:\/\/amipaiessantmarcal.org\/index.php\/2020\/10\/28\/assemblea-ordinaria-i-extraordinaria-de-lamipa\/\"},\"author\":{\"name\":\"admin\",\"@id\":\"https:\/\/amipaiessantmarcal.org\/#\/schema\/person\/31ab78cbb0806981fac9e7ae368301e6\"},\"headline\":\"Assemblea ordin\u00e0ria i extraordin\u00e0ria de l&#8217;AMIPA\",\"datePublished\":\"2020-10-28T15:31:34+00:00\",\"dateModified\":\"2020-10-28T15:33:03+00:00\",\"mainEntityOfPage\":{\"@id\":\"https:\/\/amipaiessantmarcal.org\/index.php\/2020\/10\/28\/assemblea-ordinaria-i-extraordinaria-de-lamipa\/\"},\"wordCount\":174,\"commentCount\":0,\"publisher\":{\"@id\":\"https:\/\/amipaiessantmarcal.org\/#organization\"},\"articleSection\":[\"Informacions varies\",\"Noticies\",\"Reunions junta\"],\"inLanguage\":\"es\",\"potentialAction\":[{\"@type\":\"CommentAction\",\"name\":\"Comment\",\"target\":[\"https:\/\/amipaiessantmarcal.org\/index.php\/2020\/10\/28\/assemblea-ordinaria-i-extraordinaria-de-lamipa\/#respond\"]}]},{\"@type\":\"WebPage\",\"@id\":\"https:\/\/amipaiessantmarcal.org\/index.php\/2020\/10\/28\/assemblea-ordinaria-i-extraordinaria-de-lamipa\/\",\"url\":\"https:\/\/amipaiessantmarcal.org\/index.php\/2020\/10\/28\/assemblea-ordinaria-i-extraordinaria-de-lamipa\/\",\"name\":\"Assemblea ordin\u00e0ria i extraordin\u00e0ria de l'AMIPA - AFA IES SANT MAR\u00c7AL\",\"isPartOf\":{\"@id\":\"https:\/\/amipaiessantmarcal.org\/#website\"},\"datePublished\":\"2020-10-28T15:31:34+00:00\",\"dateModified\":\"2020-10-28T15:33:03+00:00\",\"breadcrumb\":{\"@id\":\"https:\/\/amipaiessantmarcal.org\/index.php\/2020\/10\/28\/assemblea-ordinaria-i-extraordinaria-de-lamipa\/#breadcrumb\"},\"inLanguage\":\"es\",\"potentialAction\":[{\"@type\":\"ReadAction\",\"target\":[\"https:\/\/amipaiessantmarcal.org\/index.php\/2020\/10\/28\/assemblea-ordinaria-i-extraordinaria-de-lamipa\/\"]}]},{\"@type\":\"BreadcrumbList\",\"@id\":\"https:\/\/amipaiessantmarcal.org\/index.php\/2020\/10\/28\/assemblea-ordinaria-i-extraordinaria-de-lamipa\/#breadcrumb\",\"itemListElement\":[{\"@type\":\"ListItem\",\"position\":1,\"name\":\"Home\",\"item\":\"https:\/\/amipaiessantmarcal.org\/\"},{\"@type\":\"ListItem\",\"position\":2,\"name\":\"Assemblea ordin\u00e0ria i extraordin\u00e0ria de l&#8217;AMIPA\"}]},{\"@type\":\"WebSite\",\"@id\":\"https:\/\/amipaiessantmarcal.org\/#website\",\"url\":\"https:\/\/amipaiessantmarcal.org\/\",\"name\":\"AFA IES SANT MAR\u00c7AL\",\"description\":\"Associaci\u00f3 de Fam\u00edlies de l&#039;Institut de Sant Mar\u00e7al, Marratxi.\",\"publisher\":{\"@id\":\"https:\/\/amipaiessantmarcal.org\/#organization\"},\"potentialAction\":[{\"@type\":\"SearchAction\",\"target\":{\"@type\":\"EntryPoint\",\"urlTemplate\":\"https:\/\/amipaiessantmarcal.org\/?s={search_term_string}\"},\"query-input\":{\"@type\":\"PropertyValueSpecification\",\"valueRequired\":true,\"valueName\":\"search_term_string\"}}],\"inLanguage\":\"es\"},{\"@type\":\"Organization\",\"@id\":\"https:\/\/amipaiessantmarcal.org\/#organization\",\"name\":\"AFA IES SANT MAR\u00c7AL\",\"url\":\"https:\/\/amipaiessantmarcal.org\/\",\"logo\":{\"@type\":\"ImageObject\",\"inLanguage\":\"es\",\"@id\":\"https:\/\/amipaiessantmarcal.org\/#\/schema\/logo\/image\/\",\"url\":\"https:\/\/amipaiessantmarcal.org\/wp-content\/uploads\/2025\/06\/cropped-Logo-04.jpg\",\"contentUrl\":\"https:\/\/amipaiessantmarcal.org\/wp-content\/uploads\/2025\/06\/cropped-Logo-04.jpg\",\"width\":189,\"height\":250,\"caption\":\"AFA IES SANT MAR\u00c7AL\"},\"image\":{\"@id\":\"https:\/\/amipaiessantmarcal.org\/#\/schema\/logo\/image\/\"}},{\"@type\":\"Person\",\"@id\":\"https:\/\/amipaiessantmarcal.org\/#\/schema\/person\/31ab78cbb0806981fac9e7ae368301e6\",\"name\":\"admin\",\"image\":{\"@type\":\"ImageObject\",\"inLanguage\":\"es\",\"@id\":\"https:\/\/amipaiessantmarcal.org\/#\/schema\/person\/image\/\",\"url\":\"https:\/\/secure.gravatar.com\/avatar\/7cb5fd617fbb3e84ce94bfa3896f4a86?s=96&d=mm&r=g\",\"contentUrl\":\"https:\/\/secure.gravatar.com\/avatar\/7cb5fd617fbb3e84ce94bfa3896f4a86?s=96&d=mm&r=g\",\"caption\":\"admin\"},\"url\":\"https:\/\/amipaiessantmarcal.org\/index.php\/author\/amipaiessantmarcal\/\"}]}<\/script>\n<!-- \/ Yoast SEO plugin. -->","yoast_head_json":{"title":"Assemblea ordin\u00e0ria i extraordin\u00e0ria de l'AMIPA - AFA IES SANT MAR\u00c7AL","robots":{"index":"index","follow":"follow","max-snippet":"max-snippet:-1","max-image-preview":"max-image-preview:large","max-video-preview":"max-video-preview:-1"},"canonical":"https:\/\/amipaiessantmarcal.org\/index.php\/2020\/10\/28\/assemblea-ordinaria-i-extraordinaria-de-lamipa\/","og_locale":"es_ES","og_type":"article","og_title":"Assemblea ordin\u00e0ria i extraordin\u00e0ria de l'AMIPA - AFA IES SANT MAR\u00c7AL","og_description":"Assemblea generals ordin\u00e0ria i extraordin\u00e0ria de socis i s\u00f2cies de l\u2019AMIPA de l\u2019IES Sant Mar\u00e7al 2020 Sou convocats a l\u2019assemblea general ordin\u00e0ria i extraordin\u00e0ria que es celebrar\u00e0 dijous dia 29 d\u2019octubre a les 18:30 h. en primera convocat\u00f2ria i a les 19:00 h. en segona convocat\u00f2ria. Davant l\u2019actual situaci\u00f3 sanit\u00e0ria la convocat\u00f2ria ser\u00e0 per videoconfer\u00e8ncia, &hellip; Continuar leyendo \"Assemblea ordin\u00e0ria i extraordin\u00e0ria de l&#8217;AMIPA\"","og_url":"https:\/\/amipaiessantmarcal.org\/index.php\/2020\/10\/28\/assemblea-ordinaria-i-extraordinaria-de-lamipa\/","og_site_name":"AFA IES SANT MAR\u00c7AL","article_published_time":"2020-10-28T15:31:34+00:00","article_modified_time":"2020-10-28T15:33:03+00:00","author":"admin","twitter_card":"summary_large_image","twitter_misc":{"Escrito por":"admin","Tiempo de lectura":"1 minuto"},"schema":{"@context":"https:\/\/schema.org","@graph":[{"@type":"Article","@id":"https:\/\/amipaiessantmarcal.org\/index.php\/2020\/10\/28\/assemblea-ordinaria-i-extraordinaria-de-lamipa\/#article","isPartOf":{"@id":"https:\/\/amipaiessantmarcal.org\/index.php\/2020\/10\/28\/assemblea-ordinaria-i-extraordinaria-de-lamipa\/"},"author":{"name":"admin","@id":"https:\/\/amipaiessantmarcal.org\/#\/schema\/person\/31ab78cbb0806981fac9e7ae368301e6"},"headline":"Assemblea ordin\u00e0ria i extraordin\u00e0ria de l&#8217;AMIPA","datePublished":"2020-10-28T15:31:34+00:00","dateModified":"2020-10-28T15:33:03+00:00","mainEntityOfPage":{"@id":"https:\/\/amipaiessantmarcal.org\/index.php\/2020\/10\/28\/assemblea-ordinaria-i-extraordinaria-de-lamipa\/"},"wordCount":174,"commentCount":0,"publisher":{"@id":"https:\/\/amipaiessantmarcal.org\/#organization"},"articleSection":["Informacions varies","Noticies","Reunions junta"],"inLanguage":"es","potentialAction":[{"@type":"CommentAction","name":"Comment","target":["https:\/\/amipaiessantmarcal.org\/index.php\/2020\/10\/28\/assemblea-ordinaria-i-extraordinaria-de-lamipa\/#respond"]}]},{"@type":"WebPage","@id":"https:\/\/amipaiessantmarcal.org\/index.php\/2020\/10\/28\/assemblea-ordinaria-i-extraordinaria-de-lamipa\/","url":"https:\/\/amipaiessantmarcal.org\/index.php\/2020\/10\/28\/assemblea-ordinaria-i-extraordinaria-de-lamipa\/","name":"Assemblea ordin\u00e0ria i extraordin\u00e0ria de l'AMIPA - AFA IES SANT MAR\u00c7AL","isPartOf":{"@id":"https:\/\/amipaiessantmarcal.org\/#website"},"datePublished":"2020-10-28T15:31:34+00:00","dateModified":"2020-10-28T15:33:03+00:00","breadcrumb":{"@id":"https:\/\/amipaiessantmarcal.org\/index.php\/2020\/10\/28\/assemblea-ordinaria-i-extraordinaria-de-lamipa\/#breadcrumb"},"inLanguage":"es","potentialAction":[{"@type":"ReadAction","target":["https:\/\/amipaiessantmarcal.org\/index.php\/2020\/10\/28\/assemblea-ordinaria-i-extraordinaria-de-lamipa\/"]}]},{"@type":"BreadcrumbList","@id":"https:\/\/amipaiessantmarcal.org\/index.php\/2020\/10\/28\/assemblea-ordinaria-i-extraordinaria-de-lamipa\/#breadcrumb","itemListElement":[{"@type":"ListItem","position":1,"name":"Home","item":"https:\/\/amipaiessantmarcal.org\/"},{"@type":"ListItem","position":2,"name":"Assemblea ordin\u00e0ria i extraordin\u00e0ria de l&#8217;AMIPA"}]},{"@type":"WebSite","@id":"https:\/\/amipaiessantmarcal.org\/#website","url":"https:\/\/amipaiessantmarcal.org\/","name":"AFA IES SANT MAR\u00c7AL","description":"Associaci\u00f3 de Fam\u00edlies de l&#039;Institut de Sant Mar\u00e7al, Marratxi.","publisher":{"@id":"https:\/\/amipaiessantmarcal.org\/#organization"},"potentialAction":[{"@type":"SearchAction","target":{"@type":"EntryPoint","urlTemplate":"https:\/\/amipaiessantmarcal.org\/?s={search_term_string}"},"query-input":{"@type":"PropertyValueSpecification","valueRequired":true,"valueName":"search_term_string"}}],"inLanguage":"es"},{"@type":"Organization","@id":"https:\/\/amipaiessantmarcal.org\/#organization","name":"AFA IES SANT MAR\u00c7AL","url":"https:\/\/amipaiessantmarcal.org\/","logo":{"@type":"ImageObject","inLanguage":"es","@id":"https:\/\/amipaiessantmarcal.org\/#\/schema\/logo\/image\/","url":"https:\/\/amipaiessantmarcal.org\/wp-content\/uploads\/2025\/06\/cropped-Logo-04.jpg","contentUrl":"https:\/\/amipaiessantmarcal.org\/wp-content\/uploads\/2025\/06\/cropped-Logo-04.jpg","width":189,"height":250,"caption":"AFA IES SANT MAR\u00c7AL"},"image":{"@id":"https:\/\/amipaiessantmarcal.org\/#\/schema\/logo\/image\/"}},{"@type":"Person","@id":"https:\/\/amipaiessantmarcal.org\/#\/schema\/person\/31ab78cbb0806981fac9e7ae368301e6","name":"admin","image":{"@type":"ImageObject","inLanguage":"es","@id":"https:\/\/amipaiessantmarcal.org\/#\/schema\/person\/image\/","url":"https:\/\/secure.gravatar.com\/avatar\/7cb5fd617fbb3e84ce94bfa3896f4a86?s=96&d=mm&r=g","contentUrl":"https:\/\/secure.gravatar.com\/avatar\/7cb5fd617fbb3e84ce94bfa3896f4a86?s=96&d=mm&r=g","caption":"admin"},"url":"https:\/\/amipaiessantmarcal.org\/index.php\/author\/amipaiessantmarcal\/"}]}},"_links":{"self":[{"href":"https:\/\/amipaiessantmarcal.org\/index.php\/wp-json\/wp\/v2\/posts\/221","targetHints":{"allow":["GET"]}}],"collection":[{"href":"https:\/\/amipaiessantmarcal.org\/index.php\/wp-json\/wp\/v2\/posts"}],"about":[{"href":"https:\/\/amipaiessantmarcal.org\/index.php\/wp-json\/wp\/v2\/types\/post"}],"author":[{"embeddable":true,"href":"https:\/\/amipaiessantmarcal.org\/index.php\/wp-json\/wp\/v2\/users\/1"}],"replies":[{"embeddable":true,"href":"https:\/\/amipaiessantmarcal.org\/index.php\/wp-json\/wp\/v2\/comments?post=221"}],"version-history":[{"count":1,"href":"https:\/\/amipaiessantmarcal.org\/index.php\/wp-json\/wp\/v2\/posts\/221\/revisions"}],"predecessor-version":[{"id":222,"href":"https:\/\/amipaiessantmarcal.org\/index.php\/wp-json\/wp\/v2\/posts\/221\/revisions\/222"}],"wp:attachment":[{"href":"https:\/\/amipaiessantmarcal.org\/index.php\/wp-json\/wp\/v2\/media?parent=221"}],"wp:term":[{"taxonomy":"category","embeddable":true,"href":"https:\/\/amipaiessantmarcal.org\/index.php\/wp-json\/wp\/v2\/categories?post=221"},{"taxonomy":"post_tag","embeddable":true,"href":"https:\/\/amipaiessantmarcal.org\/index.php\/wp-json\/wp\/v2\/tags?post=221"}],"curies":[{"name":"wp","href":"https:\/\/api.w.org\/{rel}","templated":true}]}}