{"id":215,"date":"2020-09-22T17:18:03","date_gmt":"2020-09-22T17:18:03","guid":{"rendered":"https:\/\/amipaiessantmarcal.org\/?p=215"},"modified":"2020-09-28T15:12:33","modified_gmt":"2020-09-28T15:12:33","slug":"reunio-junta-directiva-2","status":"publish","type":"post","link":"https:\/\/amipaiessantmarcal.org\/index.php\/2020\/09\/22\/reunio-junta-directiva-2\/","title":{"rendered":"Reuni\u00f3 de la junta directiva"},"content":{"rendered":"\n<p class=\"has-text-align-left\">El proper dijous, dia 8 d&#8217;octubre de 2020,  a les\u00a0<strong>19:00 h. <\/strong>hi ha convocada una reuni\u00f3 de la junta directiva de l&#8217;APIMA. L\u2019ordre del dia ser\u00e0 el seg\u00fcent:<br>1) Aprovaci\u00f3 de l\u2019acta anterior<br>2) Organitzaci\u00f3 del curs 2020-21<br>3) Programaci\u00f3 i organitzaci\u00f3 de l&#8217;assemblea general ordin\u00e0ria i extraordin\u00e0ria (renovaci\u00f3 dels c\u00e0rrecs de la junta)<br>4) Precs i preguntes<br>Mari Carmen<br>Presidenta de l\u2019AMIPA de l\u2019IES Sant Mar\u00e7al<\/p>\n\n\n\n<p><\/p>\n\n\n\n<p>Totes les families associades que vulguin venir tenen les portes obertes. Animau-vos!!<\/p>\n","protected":false},"excerpt":{"rendered":"<p>El proper dijous, dia 8 d&#8217;octubre de 2020, a les\u00a019:00 h. hi ha convocada una reuni\u00f3 de la junta directiva de l&#8217;APIMA. L\u2019ordre del dia ser\u00e0 el seg\u00fcent:1) Aprovaci\u00f3 de l\u2019acta anterior2) Organitzaci\u00f3 del curs 2020-213) Programaci\u00f3 i organitzaci\u00f3 de l&#8217;assemblea general ordin\u00e0ria i extraordin\u00e0ria (renovaci\u00f3 dels c\u00e0rrecs de la junta)4) Precs i preguntesMari CarmenPresidenta &hellip; <\/p>\n<p class=\"link-more\"><a href=\"https:\/\/amipaiessantmarcal.org\/index.php\/2020\/09\/22\/reunio-junta-directiva-2\/\" class=\"more-link\">Continuar leyendo<span class=\"screen-reader-text\"> \u00abReuni\u00f3 de la junta directiva\u00bb<\/span><\/a><\/p>\n","protected":false},"author":1,"featured_media":0,"comment_status":"open","ping_status":"open","sticky":false,"template":"","format":"standard","meta":{"footnotes":""},"categories":[12,13],"tags":[],"class_list":["post-215","post","type-post","status-publish","format-standard","hentry","category-noticies","category-reunions-junta"],"yoast_head":"<!-- This site is optimized with the Yoast SEO plugin v24.3 - https:\/\/yoast.com\/wordpress\/plugins\/seo\/ -->\n<title>Reuni\u00f3 de la junta directiva - AFA IES SANT MAR\u00c7AL<\/title>\n<meta name=\"robots\" content=\"index, follow, max-snippet:-1, max-image-preview:large, max-video-preview:-1\" \/>\n<link rel=\"canonical\" href=\"https:\/\/amipaiessantmarcal.org\/index.php\/2020\/09\/22\/reunio-junta-directiva-2\/\" \/>\n<meta property=\"og:locale\" content=\"es_ES\" \/>\n<meta property=\"og:type\" content=\"article\" \/>\n<meta property=\"og:title\" content=\"Reuni\u00f3 de la junta directiva - AFA IES SANT MAR\u00c7AL\" \/>\n<meta property=\"og:description\" content=\"El proper dijous, dia 8 d&#8217;octubre de 2020, a les\u00a019:00 h. hi ha convocada una reuni\u00f3 de la junta directiva de l&#8217;APIMA. L\u2019ordre del dia ser\u00e0 el seg\u00fcent:1) Aprovaci\u00f3 de l\u2019acta anterior2) Organitzaci\u00f3 del curs 2020-213) Programaci\u00f3 i organitzaci\u00f3 de l&#8217;assemblea general ordin\u00e0ria i extraordin\u00e0ria (renovaci\u00f3 dels c\u00e0rrecs de la junta)4) Precs i preguntesMari CarmenPresidenta &hellip; Continuar leyendo &quot;Reuni\u00f3 de la junta directiva&quot;\" \/>\n<meta property=\"og:url\" content=\"https:\/\/amipaiessantmarcal.org\/index.php\/2020\/09\/22\/reunio-junta-directiva-2\/\" \/>\n<meta property=\"og:site_name\" content=\"AFA IES SANT MAR\u00c7AL\" \/>\n<meta property=\"article:published_time\" content=\"2020-09-22T17:18:03+00:00\" \/>\n<meta property=\"article:modified_time\" content=\"2020-09-28T15:12:33+00:00\" \/>\n<meta name=\"author\" content=\"admin\" \/>\n<meta name=\"twitter:card\" content=\"summary_large_image\" \/>\n<meta name=\"twitter:label1\" content=\"Escrito por\" \/>\n\t<meta name=\"twitter:data1\" content=\"admin\" \/>\n<script type=\"application\/ld+json\" class=\"yoast-schema-graph\">{\"@context\":\"https:\/\/schema.org\",\"@graph\":[{\"@type\":\"Article\",\"@id\":\"https:\/\/amipaiessantmarcal.org\/index.php\/2020\/09\/22\/reunio-junta-directiva-2\/#article\",\"isPartOf\":{\"@id\":\"https:\/\/amipaiessantmarcal.org\/index.php\/2020\/09\/22\/reunio-junta-directiva-2\/\"},\"author\":{\"name\":\"admin\",\"@id\":\"https:\/\/amipaiessantmarcal.org\/#\/schema\/person\/31ab78cbb0806981fac9e7ae368301e6\"},\"headline\":\"Reuni\u00f3 de la junta directiva\",\"datePublished\":\"2020-09-22T17:18:03+00:00\",\"dateModified\":\"2020-09-28T15:12:33+00:00\",\"mainEntityOfPage\":{\"@id\":\"https:\/\/amipaiessantmarcal.org\/index.php\/2020\/09\/22\/reunio-junta-directiva-2\/\"},\"wordCount\":85,\"commentCount\":0,\"publisher\":{\"@id\":\"https:\/\/amipaiessantmarcal.org\/#organization\"},\"articleSection\":[\"Noticies\",\"Reunions junta\"],\"inLanguage\":\"es\",\"potentialAction\":[{\"@type\":\"CommentAction\",\"name\":\"Comment\",\"target\":[\"https:\/\/amipaiessantmarcal.org\/index.php\/2020\/09\/22\/reunio-junta-directiva-2\/#respond\"]}]},{\"@type\":\"WebPage\",\"@id\":\"https:\/\/amipaiessantmarcal.org\/index.php\/2020\/09\/22\/reunio-junta-directiva-2\/\",\"url\":\"https:\/\/amipaiessantmarcal.org\/index.php\/2020\/09\/22\/reunio-junta-directiva-2\/\",\"name\":\"Reuni\u00f3 de la junta directiva - AFA IES SANT MAR\u00c7AL\",\"isPartOf\":{\"@id\":\"https:\/\/amipaiessantmarcal.org\/#website\"},\"datePublished\":\"2020-09-22T17:18:03+00:00\",\"dateModified\":\"2020-09-28T15:12:33+00:00\",\"breadcrumb\":{\"@id\":\"https:\/\/amipaiessantmarcal.org\/index.php\/2020\/09\/22\/reunio-junta-directiva-2\/#breadcrumb\"},\"inLanguage\":\"es\",\"potentialAction\":[{\"@type\":\"ReadAction\",\"target\":[\"https:\/\/amipaiessantmarcal.org\/index.php\/2020\/09\/22\/reunio-junta-directiva-2\/\"]}]},{\"@type\":\"BreadcrumbList\",\"@id\":\"https:\/\/amipaiessantmarcal.org\/index.php\/2020\/09\/22\/reunio-junta-directiva-2\/#breadcrumb\",\"itemListElement\":[{\"@type\":\"ListItem\",\"position\":1,\"name\":\"Home\",\"item\":\"https:\/\/amipaiessantmarcal.org\/\"},{\"@type\":\"ListItem\",\"position\":2,\"name\":\"Reuni\u00f3 de la junta directiva\"}]},{\"@type\":\"WebSite\",\"@id\":\"https:\/\/amipaiessantmarcal.org\/#website\",\"url\":\"https:\/\/amipaiessantmarcal.org\/\",\"name\":\"AFA IES SANT MAR\u00c7AL\",\"description\":\"Associaci\u00f3 de Fam\u00edlies de l&#039;Institut de Sant Mar\u00e7al, Marratxi.\",\"publisher\":{\"@id\":\"https:\/\/amipaiessantmarcal.org\/#organization\"},\"potentialAction\":[{\"@type\":\"SearchAction\",\"target\":{\"@type\":\"EntryPoint\",\"urlTemplate\":\"https:\/\/amipaiessantmarcal.org\/?s={search_term_string}\"},\"query-input\":{\"@type\":\"PropertyValueSpecification\",\"valueRequired\":true,\"valueName\":\"search_term_string\"}}],\"inLanguage\":\"es\"},{\"@type\":\"Organization\",\"@id\":\"https:\/\/amipaiessantmarcal.org\/#organization\",\"name\":\"AFA IES SANT MAR\u00c7AL\",\"url\":\"https:\/\/amipaiessantmarcal.org\/\",\"logo\":{\"@type\":\"ImageObject\",\"inLanguage\":\"es\",\"@id\":\"https:\/\/amipaiessantmarcal.org\/#\/schema\/logo\/image\/\",\"url\":\"https:\/\/amipaiessantmarcal.org\/wp-content\/uploads\/2025\/06\/cropped-Logo-04.jpg\",\"contentUrl\":\"https:\/\/amipaiessantmarcal.org\/wp-content\/uploads\/2025\/06\/cropped-Logo-04.jpg\",\"width\":189,\"height\":250,\"caption\":\"AFA IES SANT MAR\u00c7AL\"},\"image\":{\"@id\":\"https:\/\/amipaiessantmarcal.org\/#\/schema\/logo\/image\/\"}},{\"@type\":\"Person\",\"@id\":\"https:\/\/amipaiessantmarcal.org\/#\/schema\/person\/31ab78cbb0806981fac9e7ae368301e6\",\"name\":\"admin\",\"image\":{\"@type\":\"ImageObject\",\"inLanguage\":\"es\",\"@id\":\"https:\/\/amipaiessantmarcal.org\/#\/schema\/person\/image\/\",\"url\":\"https:\/\/secure.gravatar.com\/avatar\/7cb5fd617fbb3e84ce94bfa3896f4a86?s=96&d=mm&r=g\",\"contentUrl\":\"https:\/\/secure.gravatar.com\/avatar\/7cb5fd617fbb3e84ce94bfa3896f4a86?s=96&d=mm&r=g\",\"caption\":\"admin\"},\"url\":\"https:\/\/amipaiessantmarcal.org\/index.php\/author\/amipaiessantmarcal\/\"}]}<\/script>\n<!-- \/ Yoast SEO plugin. -->","yoast_head_json":{"title":"Reuni\u00f3 de la junta directiva - AFA IES SANT MAR\u00c7AL","robots":{"index":"index","follow":"follow","max-snippet":"max-snippet:-1","max-image-preview":"max-image-preview:large","max-video-preview":"max-video-preview:-1"},"canonical":"https:\/\/amipaiessantmarcal.org\/index.php\/2020\/09\/22\/reunio-junta-directiva-2\/","og_locale":"es_ES","og_type":"article","og_title":"Reuni\u00f3 de la junta directiva - AFA IES SANT MAR\u00c7AL","og_description":"El proper dijous, dia 8 d&#8217;octubre de 2020, a les\u00a019:00 h. hi ha convocada una reuni\u00f3 de la junta directiva de l&#8217;APIMA. L\u2019ordre del dia ser\u00e0 el seg\u00fcent:1) Aprovaci\u00f3 de l\u2019acta anterior2) Organitzaci\u00f3 del curs 2020-213) Programaci\u00f3 i organitzaci\u00f3 de l&#8217;assemblea general ordin\u00e0ria i extraordin\u00e0ria (renovaci\u00f3 dels c\u00e0rrecs de la junta)4) Precs i preguntesMari CarmenPresidenta &hellip; Continuar leyendo \"Reuni\u00f3 de la junta directiva\"","og_url":"https:\/\/amipaiessantmarcal.org\/index.php\/2020\/09\/22\/reunio-junta-directiva-2\/","og_site_name":"AFA IES SANT MAR\u00c7AL","article_published_time":"2020-09-22T17:18:03+00:00","article_modified_time":"2020-09-28T15:12:33+00:00","author":"admin","twitter_card":"summary_large_image","twitter_misc":{"Escrito por":"admin"},"schema":{"@context":"https:\/\/schema.org","@graph":[{"@type":"Article","@id":"https:\/\/amipaiessantmarcal.org\/index.php\/2020\/09\/22\/reunio-junta-directiva-2\/#article","isPartOf":{"@id":"https:\/\/amipaiessantmarcal.org\/index.php\/2020\/09\/22\/reunio-junta-directiva-2\/"},"author":{"name":"admin","@id":"https:\/\/amipaiessantmarcal.org\/#\/schema\/person\/31ab78cbb0806981fac9e7ae368301e6"},"headline":"Reuni\u00f3 de la junta directiva","datePublished":"2020-09-22T17:18:03+00:00","dateModified":"2020-09-28T15:12:33+00:00","mainEntityOfPage":{"@id":"https:\/\/amipaiessantmarcal.org\/index.php\/2020\/09\/22\/reunio-junta-directiva-2\/"},"wordCount":85,"commentCount":0,"publisher":{"@id":"https:\/\/amipaiessantmarcal.org\/#organization"},"articleSection":["Noticies","Reunions junta"],"inLanguage":"es","potentialAction":[{"@type":"CommentAction","name":"Comment","target":["https:\/\/amipaiessantmarcal.org\/index.php\/2020\/09\/22\/reunio-junta-directiva-2\/#respond"]}]},{"@type":"WebPage","@id":"https:\/\/amipaiessantmarcal.org\/index.php\/2020\/09\/22\/reunio-junta-directiva-2\/","url":"https:\/\/amipaiessantmarcal.org\/index.php\/2020\/09\/22\/reunio-junta-directiva-2\/","name":"Reuni\u00f3 de la junta directiva - AFA IES SANT MAR\u00c7AL","isPartOf":{"@id":"https:\/\/amipaiessantmarcal.org\/#website"},"datePublished":"2020-09-22T17:18:03+00:00","dateModified":"2020-09-28T15:12:33+00:00","breadcrumb":{"@id":"https:\/\/amipaiessantmarcal.org\/index.php\/2020\/09\/22\/reunio-junta-directiva-2\/#breadcrumb"},"inLanguage":"es","potentialAction":[{"@type":"ReadAction","target":["https:\/\/amipaiessantmarcal.org\/index.php\/2020\/09\/22\/reunio-junta-directiva-2\/"]}]},{"@type":"BreadcrumbList","@id":"https:\/\/amipaiessantmarcal.org\/index.php\/2020\/09\/22\/reunio-junta-directiva-2\/#breadcrumb","itemListElement":[{"@type":"ListItem","position":1,"name":"Home","item":"https:\/\/amipaiessantmarcal.org\/"},{"@type":"ListItem","position":2,"name":"Reuni\u00f3 de la junta directiva"}]},{"@type":"WebSite","@id":"https:\/\/amipaiessantmarcal.org\/#website","url":"https:\/\/amipaiessantmarcal.org\/","name":"AFA IES SANT MAR\u00c7AL","description":"Associaci\u00f3 de Fam\u00edlies de l&#039;Institut de Sant Mar\u00e7al, Marratxi.","publisher":{"@id":"https:\/\/amipaiessantmarcal.org\/#organization"},"potentialAction":[{"@type":"SearchAction","target":{"@type":"EntryPoint","urlTemplate":"https:\/\/amipaiessantmarcal.org\/?s={search_term_string}"},"query-input":{"@type":"PropertyValueSpecification","valueRequired":true,"valueName":"search_term_string"}}],"inLanguage":"es"},{"@type":"Organization","@id":"https:\/\/amipaiessantmarcal.org\/#organization","name":"AFA IES SANT MAR\u00c7AL","url":"https:\/\/amipaiessantmarcal.org\/","logo":{"@type":"ImageObject","inLanguage":"es","@id":"https:\/\/amipaiessantmarcal.org\/#\/schema\/logo\/image\/","url":"https:\/\/amipaiessantmarcal.org\/wp-content\/uploads\/2025\/06\/cropped-Logo-04.jpg","contentUrl":"https:\/\/amipaiessantmarcal.org\/wp-content\/uploads\/2025\/06\/cropped-Logo-04.jpg","width":189,"height":250,"caption":"AFA IES SANT MAR\u00c7AL"},"image":{"@id":"https:\/\/amipaiessantmarcal.org\/#\/schema\/logo\/image\/"}},{"@type":"Person","@id":"https:\/\/amipaiessantmarcal.org\/#\/schema\/person\/31ab78cbb0806981fac9e7ae368301e6","name":"admin","image":{"@type":"ImageObject","inLanguage":"es","@id":"https:\/\/amipaiessantmarcal.org\/#\/schema\/person\/image\/","url":"https:\/\/secure.gravatar.com\/avatar\/7cb5fd617fbb3e84ce94bfa3896f4a86?s=96&d=mm&r=g","contentUrl":"https:\/\/secure.gravatar.com\/avatar\/7cb5fd617fbb3e84ce94bfa3896f4a86?s=96&d=mm&r=g","caption":"admin"},"url":"https:\/\/amipaiessantmarcal.org\/index.php\/author\/amipaiessantmarcal\/"}]}},"_links":{"self":[{"href":"https:\/\/amipaiessantmarcal.org\/index.php\/wp-json\/wp\/v2\/posts\/215","targetHints":{"allow":["GET"]}}],"collection":[{"href":"https:\/\/amipaiessantmarcal.org\/index.php\/wp-json\/wp\/v2\/posts"}],"about":[{"href":"https:\/\/amipaiessantmarcal.org\/index.php\/wp-json\/wp\/v2\/types\/post"}],"author":[{"embeddable":true,"href":"https:\/\/amipaiessantmarcal.org\/index.php\/wp-json\/wp\/v2\/users\/1"}],"replies":[{"embeddable":true,"href":"https:\/\/amipaiessantmarcal.org\/index.php\/wp-json\/wp\/v2\/comments?post=215"}],"version-history":[{"count":4,"href":"https:\/\/amipaiessantmarcal.org\/index.php\/wp-json\/wp\/v2\/posts\/215\/revisions"}],"predecessor-version":[{"id":219,"href":"https:\/\/amipaiessantmarcal.org\/index.php\/wp-json\/wp\/v2\/posts\/215\/revisions\/219"}],"wp:attachment":[{"href":"https:\/\/amipaiessantmarcal.org\/index.php\/wp-json\/wp\/v2\/media?parent=215"}],"wp:term":[{"taxonomy":"category","embeddable":true,"href":"https:\/\/amipaiessantmarcal.org\/index.php\/wp-json\/wp\/v2\/categories?post=215"},{"taxonomy":"post_tag","embeddable":true,"href":"https:\/\/amipaiessantmarcal.org\/index.php\/wp-json\/wp\/v2\/tags?post=215"}],"curies":[{"name":"wp","href":"https:\/\/api.w.org\/{rel}","templated":true}]}}