{"id":204,"date":"2020-07-24T08:51:45","date_gmt":"2020-07-24T08:51:45","guid":{"rendered":"https:\/\/amipaiessantmarcal.org\/?p=204"},"modified":"2020-09-01T14:33:52","modified_gmt":"2020-09-01T14:33:52","slug":"venda-de-llibres-per-el-curs-2020-21","status":"publish","type":"post","link":"https:\/\/amipaiessantmarcal.org\/index.php\/2020\/07\/24\/venda-de-llibres-per-el-curs-2020-21\/","title":{"rendered":"Venda de llibres per el curs 2020-21"},"content":{"rendered":"\n<div class=\"wp-block-image\"><figure class=\"aligncenter size-large is-resized\"><img loading=\"lazy\" decoding=\"async\" src=\"https:\/\/amipaiessantmarcal.org\/wp-content\/uploads\/2020\/07\/venta-de-libros-3.jpg\" alt=\"\" class=\"wp-image-206\" width=\"273\" height=\"172\" srcset=\"https:\/\/amipaiessantmarcal.org\/wp-content\/uploads\/2020\/07\/venta-de-libros-3.jpg 830w, https:\/\/amipaiessantmarcal.org\/wp-content\/uploads\/2020\/07\/venta-de-libros-3-300x190.jpg 300w, https:\/\/amipaiessantmarcal.org\/wp-content\/uploads\/2020\/07\/venta-de-libros-3-768x487.jpg 768w\" sizes=\"auto, (max-width: 273px) 100vw, 273px\" \/><\/figure><\/div>\n\n\n\n<p>Ja estam en marxa per el nou curs escolar 2020-2021. Sabem que ser\u00e0 un curs diferent amb mesures de prevenci\u00f3 i protecci\u00f3 especials i on haurem de posar de la nostra part per preservar el benestar dels nostres infants i del personal de l\u2019escola.<\/p>\n\n\n\n<p>Com s\u2019ha fet els darrers anys l\u2019AMIPA organitza uns dies de venda de llibres de text per a totes les fam\u00edlies del centre, d\u2019acord amb la Distribuidora Rotger. Per aix\u00f2 hem establert la venda de llibres els seg\u00fcents dies:<\/p>\n\n\n\n<p><strong>LLOC: Pati de l&#8217;IES Sant Mar\u00e7al (davall la porxada)<\/strong><\/p>\n\n\n\n<ul class=\"wp-block-list\"><li><strong>Dijous 3 de setembre de 17\u201320 h<\/strong><\/li><li><strong>Divendres 4 de setembre de 17\u201320 h<\/strong><\/li><li><strong>Dissabte 5 de setembre de 9\u201313 h<\/strong><\/li><\/ul>\n\n\n\n<p>Si sou socis us beneficiareu del 15% de descompte a la compra de llibres i tamb\u00e9 us regalarem l\u2019agenda escolar. Per poder gaudir dels descomptes \u00e9s imprescindible haver fet el pagament de la quota. La quota anual per fam\u00edlia \u00e9s de 15\u202f\u20ac i podeu fer el pagament al seg\u00fcent compte corrent de BANKIA S.A. ES04 2038 3417 6660 0008 9536, especificant els llinatges de la fam\u00edlia i el concepte.<\/p>\n\n\n\n<p>Tota la informaci\u00f3 per associar-vos la teniu a la nostra <a href=\"https:\/\/amipaiessantmarcal.org\/index.php\/associau-vos\/\">web<\/a><\/p>\n\n\n\n<p>A la <a href=\"https:\/\/drive.google.com\/file\/d\/1uNP6CdG1maMe51z1WkPicppUuNon77Pc\/view\">web del centre<\/a> podeu trobar la informaci\u00f3 referent als llibres de text i material escolar necessari per el curs 2020-21<\/p>\n","protected":false},"excerpt":{"rendered":"<p>Ja estam en marxa per el nou curs escolar 2020-2021. Sabem que ser\u00e0 un curs diferent amb mesures de prevenci\u00f3 i protecci\u00f3 especials i on haurem de posar de la nostra part per preservar el benestar dels nostres infants i del personal de l\u2019escola. Com s\u2019ha fet els darrers anys l\u2019AMIPA organitza uns dies de &hellip; <\/p>\n<p class=\"link-more\"><a href=\"https:\/\/amipaiessantmarcal.org\/index.php\/2020\/07\/24\/venda-de-llibres-per-el-curs-2020-21\/\" class=\"more-link\">Continuar leyendo<span class=\"screen-reader-text\"> \u00abVenda de llibres per el curs 2020-21\u00bb<\/span><\/a><\/p>\n","protected":false},"author":1,"featured_media":0,"comment_status":"open","ping_status":"open","sticky":false,"template":"","format":"standard","meta":{"footnotes":""},"categories":[14,12],"tags":[],"class_list":["post-204","post","type-post","status-publish","format-standard","hentry","category-informacions-varies","category-noticies"],"yoast_head":"<!-- This site is optimized with the Yoast SEO plugin v24.3 - https:\/\/yoast.com\/wordpress\/plugins\/seo\/ -->\n<title>Venda de llibres per el curs 2020-21 - AFA IES SANT MAR\u00c7AL<\/title>\n<meta name=\"robots\" content=\"index, follow, max-snippet:-1, max-image-preview:large, max-video-preview:-1\" \/>\n<link rel=\"canonical\" href=\"https:\/\/amipaiessantmarcal.org\/index.php\/2020\/07\/24\/venda-de-llibres-per-el-curs-2020-21\/\" \/>\n<meta property=\"og:locale\" content=\"es_ES\" \/>\n<meta property=\"og:type\" content=\"article\" \/>\n<meta property=\"og:title\" content=\"Venda de llibres per el curs 2020-21 - AFA IES SANT MAR\u00c7AL\" \/>\n<meta property=\"og:description\" content=\"Ja estam en marxa per el nou curs escolar 2020-2021. Sabem que ser\u00e0 un curs diferent amb mesures de prevenci\u00f3 i protecci\u00f3 especials i on haurem de posar de la nostra part per preservar el benestar dels nostres infants i del personal de l\u2019escola. Com s\u2019ha fet els darrers anys l\u2019AMIPA organitza uns dies de &hellip; Continuar leyendo &quot;Venda de llibres per el curs 2020-21&quot;\" \/>\n<meta property=\"og:url\" content=\"https:\/\/amipaiessantmarcal.org\/index.php\/2020\/07\/24\/venda-de-llibres-per-el-curs-2020-21\/\" \/>\n<meta property=\"og:site_name\" content=\"AFA IES SANT MAR\u00c7AL\" \/>\n<meta property=\"article:published_time\" content=\"2020-07-24T08:51:45+00:00\" \/>\n<meta property=\"article:modified_time\" content=\"2020-09-01T14:33:52+00:00\" \/>\n<meta property=\"og:image\" content=\"https:\/\/amipaiessantmarcal.org\/wp-content\/uploads\/2020\/07\/venta-de-libros-3.jpg\" \/>\n<meta name=\"author\" content=\"admin\" \/>\n<meta name=\"twitter:card\" content=\"summary_large_image\" \/>\n<meta name=\"twitter:label1\" content=\"Escrito por\" \/>\n\t<meta name=\"twitter:data1\" content=\"admin\" \/>\n\t<meta name=\"twitter:label2\" content=\"Tiempo de lectura\" \/>\n\t<meta name=\"twitter:data2\" content=\"1 minuto\" \/>\n<script type=\"application\/ld+json\" class=\"yoast-schema-graph\">{\"@context\":\"https:\/\/schema.org\",\"@graph\":[{\"@type\":\"Article\",\"@id\":\"https:\/\/amipaiessantmarcal.org\/index.php\/2020\/07\/24\/venda-de-llibres-per-el-curs-2020-21\/#article\",\"isPartOf\":{\"@id\":\"https:\/\/amipaiessantmarcal.org\/index.php\/2020\/07\/24\/venda-de-llibres-per-el-curs-2020-21\/\"},\"author\":{\"name\":\"admin\",\"@id\":\"https:\/\/amipaiessantmarcal.org\/#\/schema\/person\/31ab78cbb0806981fac9e7ae368301e6\"},\"headline\":\"Venda de llibres per el curs 2020-21\",\"datePublished\":\"2020-07-24T08:51:45+00:00\",\"dateModified\":\"2020-09-01T14:33:52+00:00\",\"mainEntityOfPage\":{\"@id\":\"https:\/\/amipaiessantmarcal.org\/index.php\/2020\/07\/24\/venda-de-llibres-per-el-curs-2020-21\/\"},\"wordCount\":221,\"commentCount\":0,\"publisher\":{\"@id\":\"https:\/\/amipaiessantmarcal.org\/#organization\"},\"image\":{\"@id\":\"https:\/\/amipaiessantmarcal.org\/index.php\/2020\/07\/24\/venda-de-llibres-per-el-curs-2020-21\/#primaryimage\"},\"thumbnailUrl\":\"https:\/\/amipaiessantmarcal.org\/wp-content\/uploads\/2020\/07\/venta-de-libros-3.jpg\",\"articleSection\":[\"Informacions varies\",\"Noticies\"],\"inLanguage\":\"es\",\"potentialAction\":[{\"@type\":\"CommentAction\",\"name\":\"Comment\",\"target\":[\"https:\/\/amipaiessantmarcal.org\/index.php\/2020\/07\/24\/venda-de-llibres-per-el-curs-2020-21\/#respond\"]}]},{\"@type\":\"WebPage\",\"@id\":\"https:\/\/amipaiessantmarcal.org\/index.php\/2020\/07\/24\/venda-de-llibres-per-el-curs-2020-21\/\",\"url\":\"https:\/\/amipaiessantmarcal.org\/index.php\/2020\/07\/24\/venda-de-llibres-per-el-curs-2020-21\/\",\"name\":\"Venda de llibres per el curs 2020-21 - AFA IES SANT MAR\u00c7AL\",\"isPartOf\":{\"@id\":\"https:\/\/amipaiessantmarcal.org\/#website\"},\"primaryImageOfPage\":{\"@id\":\"https:\/\/amipaiessantmarcal.org\/index.php\/2020\/07\/24\/venda-de-llibres-per-el-curs-2020-21\/#primaryimage\"},\"image\":{\"@id\":\"https:\/\/amipaiessantmarcal.org\/index.php\/2020\/07\/24\/venda-de-llibres-per-el-curs-2020-21\/#primaryimage\"},\"thumbnailUrl\":\"https:\/\/amipaiessantmarcal.org\/wp-content\/uploads\/2020\/07\/venta-de-libros-3.jpg\",\"datePublished\":\"2020-07-24T08:51:45+00:00\",\"dateModified\":\"2020-09-01T14:33:52+00:00\",\"breadcrumb\":{\"@id\":\"https:\/\/amipaiessantmarcal.org\/index.php\/2020\/07\/24\/venda-de-llibres-per-el-curs-2020-21\/#breadcrumb\"},\"inLanguage\":\"es\",\"potentialAction\":[{\"@type\":\"ReadAction\",\"target\":[\"https:\/\/amipaiessantmarcal.org\/index.php\/2020\/07\/24\/venda-de-llibres-per-el-curs-2020-21\/\"]}]},{\"@type\":\"ImageObject\",\"inLanguage\":\"es\",\"@id\":\"https:\/\/amipaiessantmarcal.org\/index.php\/2020\/07\/24\/venda-de-llibres-per-el-curs-2020-21\/#primaryimage\",\"url\":\"https:\/\/amipaiessantmarcal.org\/wp-content\/uploads\/2020\/07\/venta-de-libros-3.jpg\",\"contentUrl\":\"https:\/\/amipaiessantmarcal.org\/wp-content\/uploads\/2020\/07\/venta-de-libros-3.jpg\",\"width\":830,\"height\":526},{\"@type\":\"BreadcrumbList\",\"@id\":\"https:\/\/amipaiessantmarcal.org\/index.php\/2020\/07\/24\/venda-de-llibres-per-el-curs-2020-21\/#breadcrumb\",\"itemListElement\":[{\"@type\":\"ListItem\",\"position\":1,\"name\":\"Home\",\"item\":\"https:\/\/amipaiessantmarcal.org\/\"},{\"@type\":\"ListItem\",\"position\":2,\"name\":\"Venda de llibres per el curs 2020-21\"}]},{\"@type\":\"WebSite\",\"@id\":\"https:\/\/amipaiessantmarcal.org\/#website\",\"url\":\"https:\/\/amipaiessantmarcal.org\/\",\"name\":\"AFA IES SANT MAR\u00c7AL\",\"description\":\"Associaci\u00f3 de Fam\u00edlies de l&#039;Institut de Sant Mar\u00e7al, Marratxi.\",\"publisher\":{\"@id\":\"https:\/\/amipaiessantmarcal.org\/#organization\"},\"potentialAction\":[{\"@type\":\"SearchAction\",\"target\":{\"@type\":\"EntryPoint\",\"urlTemplate\":\"https:\/\/amipaiessantmarcal.org\/?s={search_term_string}\"},\"query-input\":{\"@type\":\"PropertyValueSpecification\",\"valueRequired\":true,\"valueName\":\"search_term_string\"}}],\"inLanguage\":\"es\"},{\"@type\":\"Organization\",\"@id\":\"https:\/\/amipaiessantmarcal.org\/#organization\",\"name\":\"AFA IES SANT MAR\u00c7AL\",\"url\":\"https:\/\/amipaiessantmarcal.org\/\",\"logo\":{\"@type\":\"ImageObject\",\"inLanguage\":\"es\",\"@id\":\"https:\/\/amipaiessantmarcal.org\/#\/schema\/logo\/image\/\",\"url\":\"https:\/\/amipaiessantmarcal.org\/wp-content\/uploads\/2025\/06\/cropped-Logo-04.jpg\",\"contentUrl\":\"https:\/\/amipaiessantmarcal.org\/wp-content\/uploads\/2025\/06\/cropped-Logo-04.jpg\",\"width\":189,\"height\":250,\"caption\":\"AFA IES SANT MAR\u00c7AL\"},\"image\":{\"@id\":\"https:\/\/amipaiessantmarcal.org\/#\/schema\/logo\/image\/\"}},{\"@type\":\"Person\",\"@id\":\"https:\/\/amipaiessantmarcal.org\/#\/schema\/person\/31ab78cbb0806981fac9e7ae368301e6\",\"name\":\"admin\",\"image\":{\"@type\":\"ImageObject\",\"inLanguage\":\"es\",\"@id\":\"https:\/\/amipaiessantmarcal.org\/#\/schema\/person\/image\/\",\"url\":\"https:\/\/secure.gravatar.com\/avatar\/7cb5fd617fbb3e84ce94bfa3896f4a86?s=96&d=mm&r=g\",\"contentUrl\":\"https:\/\/secure.gravatar.com\/avatar\/7cb5fd617fbb3e84ce94bfa3896f4a86?s=96&d=mm&r=g\",\"caption\":\"admin\"},\"url\":\"https:\/\/amipaiessantmarcal.org\/index.php\/author\/amipaiessantmarcal\/\"}]}<\/script>\n<!-- \/ Yoast SEO plugin. -->","yoast_head_json":{"title":"Venda de llibres per el curs 2020-21 - AFA IES SANT MAR\u00c7AL","robots":{"index":"index","follow":"follow","max-snippet":"max-snippet:-1","max-image-preview":"max-image-preview:large","max-video-preview":"max-video-preview:-1"},"canonical":"https:\/\/amipaiessantmarcal.org\/index.php\/2020\/07\/24\/venda-de-llibres-per-el-curs-2020-21\/","og_locale":"es_ES","og_type":"article","og_title":"Venda de llibres per el curs 2020-21 - AFA IES SANT MAR\u00c7AL","og_description":"Ja estam en marxa per el nou curs escolar 2020-2021. Sabem que ser\u00e0 un curs diferent amb mesures de prevenci\u00f3 i protecci\u00f3 especials i on haurem de posar de la nostra part per preservar el benestar dels nostres infants i del personal de l\u2019escola. Com s\u2019ha fet els darrers anys l\u2019AMIPA organitza uns dies de &hellip; Continuar leyendo \"Venda de llibres per el curs 2020-21\"","og_url":"https:\/\/amipaiessantmarcal.org\/index.php\/2020\/07\/24\/venda-de-llibres-per-el-curs-2020-21\/","og_site_name":"AFA IES SANT MAR\u00c7AL","article_published_time":"2020-07-24T08:51:45+00:00","article_modified_time":"2020-09-01T14:33:52+00:00","og_image":[{"url":"https:\/\/amipaiessantmarcal.org\/wp-content\/uploads\/2020\/07\/venta-de-libros-3.jpg","type":"","width":"","height":""}],"author":"admin","twitter_card":"summary_large_image","twitter_misc":{"Escrito por":"admin","Tiempo de lectura":"1 minuto"},"schema":{"@context":"https:\/\/schema.org","@graph":[{"@type":"Article","@id":"https:\/\/amipaiessantmarcal.org\/index.php\/2020\/07\/24\/venda-de-llibres-per-el-curs-2020-21\/#article","isPartOf":{"@id":"https:\/\/amipaiessantmarcal.org\/index.php\/2020\/07\/24\/venda-de-llibres-per-el-curs-2020-21\/"},"author":{"name":"admin","@id":"https:\/\/amipaiessantmarcal.org\/#\/schema\/person\/31ab78cbb0806981fac9e7ae368301e6"},"headline":"Venda de llibres per el curs 2020-21","datePublished":"2020-07-24T08:51:45+00:00","dateModified":"2020-09-01T14:33:52+00:00","mainEntityOfPage":{"@id":"https:\/\/amipaiessantmarcal.org\/index.php\/2020\/07\/24\/venda-de-llibres-per-el-curs-2020-21\/"},"wordCount":221,"commentCount":0,"publisher":{"@id":"https:\/\/amipaiessantmarcal.org\/#organization"},"image":{"@id":"https:\/\/amipaiessantmarcal.org\/index.php\/2020\/07\/24\/venda-de-llibres-per-el-curs-2020-21\/#primaryimage"},"thumbnailUrl":"https:\/\/amipaiessantmarcal.org\/wp-content\/uploads\/2020\/07\/venta-de-libros-3.jpg","articleSection":["Informacions varies","Noticies"],"inLanguage":"es","potentialAction":[{"@type":"CommentAction","name":"Comment","target":["https:\/\/amipaiessantmarcal.org\/index.php\/2020\/07\/24\/venda-de-llibres-per-el-curs-2020-21\/#respond"]}]},{"@type":"WebPage","@id":"https:\/\/amipaiessantmarcal.org\/index.php\/2020\/07\/24\/venda-de-llibres-per-el-curs-2020-21\/","url":"https:\/\/amipaiessantmarcal.org\/index.php\/2020\/07\/24\/venda-de-llibres-per-el-curs-2020-21\/","name":"Venda de llibres per el curs 2020-21 - AFA IES SANT MAR\u00c7AL","isPartOf":{"@id":"https:\/\/amipaiessantmarcal.org\/#website"},"primaryImageOfPage":{"@id":"https:\/\/amipaiessantmarcal.org\/index.php\/2020\/07\/24\/venda-de-llibres-per-el-curs-2020-21\/#primaryimage"},"image":{"@id":"https:\/\/amipaiessantmarcal.org\/index.php\/2020\/07\/24\/venda-de-llibres-per-el-curs-2020-21\/#primaryimage"},"thumbnailUrl":"https:\/\/amipaiessantmarcal.org\/wp-content\/uploads\/2020\/07\/venta-de-libros-3.jpg","datePublished":"2020-07-24T08:51:45+00:00","dateModified":"2020-09-01T14:33:52+00:00","breadcrumb":{"@id":"https:\/\/amipaiessantmarcal.org\/index.php\/2020\/07\/24\/venda-de-llibres-per-el-curs-2020-21\/#breadcrumb"},"inLanguage":"es","potentialAction":[{"@type":"ReadAction","target":["https:\/\/amipaiessantmarcal.org\/index.php\/2020\/07\/24\/venda-de-llibres-per-el-curs-2020-21\/"]}]},{"@type":"ImageObject","inLanguage":"es","@id":"https:\/\/amipaiessantmarcal.org\/index.php\/2020\/07\/24\/venda-de-llibres-per-el-curs-2020-21\/#primaryimage","url":"https:\/\/amipaiessantmarcal.org\/wp-content\/uploads\/2020\/07\/venta-de-libros-3.jpg","contentUrl":"https:\/\/amipaiessantmarcal.org\/wp-content\/uploads\/2020\/07\/venta-de-libros-3.jpg","width":830,"height":526},{"@type":"BreadcrumbList","@id":"https:\/\/amipaiessantmarcal.org\/index.php\/2020\/07\/24\/venda-de-llibres-per-el-curs-2020-21\/#breadcrumb","itemListElement":[{"@type":"ListItem","position":1,"name":"Home","item":"https:\/\/amipaiessantmarcal.org\/"},{"@type":"ListItem","position":2,"name":"Venda de llibres per el curs 2020-21"}]},{"@type":"WebSite","@id":"https:\/\/amipaiessantmarcal.org\/#website","url":"https:\/\/amipaiessantmarcal.org\/","name":"AFA IES SANT MAR\u00c7AL","description":"Associaci\u00f3 de Fam\u00edlies de l&#039;Institut de Sant Mar\u00e7al, Marratxi.","publisher":{"@id":"https:\/\/amipaiessantmarcal.org\/#organization"},"potentialAction":[{"@type":"SearchAction","target":{"@type":"EntryPoint","urlTemplate":"https:\/\/amipaiessantmarcal.org\/?s={search_term_string}"},"query-input":{"@type":"PropertyValueSpecification","valueRequired":true,"valueName":"search_term_string"}}],"inLanguage":"es"},{"@type":"Organization","@id":"https:\/\/amipaiessantmarcal.org\/#organization","name":"AFA IES SANT MAR\u00c7AL","url":"https:\/\/amipaiessantmarcal.org\/","logo":{"@type":"ImageObject","inLanguage":"es","@id":"https:\/\/amipaiessantmarcal.org\/#\/schema\/logo\/image\/","url":"https:\/\/amipaiessantmarcal.org\/wp-content\/uploads\/2025\/06\/cropped-Logo-04.jpg","contentUrl":"https:\/\/amipaiessantmarcal.org\/wp-content\/uploads\/2025\/06\/cropped-Logo-04.jpg","width":189,"height":250,"caption":"AFA IES SANT MAR\u00c7AL"},"image":{"@id":"https:\/\/amipaiessantmarcal.org\/#\/schema\/logo\/image\/"}},{"@type":"Person","@id":"https:\/\/amipaiessantmarcal.org\/#\/schema\/person\/31ab78cbb0806981fac9e7ae368301e6","name":"admin","image":{"@type":"ImageObject","inLanguage":"es","@id":"https:\/\/amipaiessantmarcal.org\/#\/schema\/person\/image\/","url":"https:\/\/secure.gravatar.com\/avatar\/7cb5fd617fbb3e84ce94bfa3896f4a86?s=96&d=mm&r=g","contentUrl":"https:\/\/secure.gravatar.com\/avatar\/7cb5fd617fbb3e84ce94bfa3896f4a86?s=96&d=mm&r=g","caption":"admin"},"url":"https:\/\/amipaiessantmarcal.org\/index.php\/author\/amipaiessantmarcal\/"}]}},"_links":{"self":[{"href":"https:\/\/amipaiessantmarcal.org\/index.php\/wp-json\/wp\/v2\/posts\/204","targetHints":{"allow":["GET"]}}],"collection":[{"href":"https:\/\/amipaiessantmarcal.org\/index.php\/wp-json\/wp\/v2\/posts"}],"about":[{"href":"https:\/\/amipaiessantmarcal.org\/index.php\/wp-json\/wp\/v2\/types\/post"}],"author":[{"embeddable":true,"href":"https:\/\/amipaiessantmarcal.org\/index.php\/wp-json\/wp\/v2\/users\/1"}],"replies":[{"embeddable":true,"href":"https:\/\/amipaiessantmarcal.org\/index.php\/wp-json\/wp\/v2\/comments?post=204"}],"version-history":[{"count":3,"href":"https:\/\/amipaiessantmarcal.org\/index.php\/wp-json\/wp\/v2\/posts\/204\/revisions"}],"predecessor-version":[{"id":212,"href":"https:\/\/amipaiessantmarcal.org\/index.php\/wp-json\/wp\/v2\/posts\/204\/revisions\/212"}],"wp:attachment":[{"href":"https:\/\/amipaiessantmarcal.org\/index.php\/wp-json\/wp\/v2\/media?parent=204"}],"wp:term":[{"taxonomy":"category","embeddable":true,"href":"https:\/\/amipaiessantmarcal.org\/index.php\/wp-json\/wp\/v2\/categories?post=204"},{"taxonomy":"post_tag","embeddable":true,"href":"https:\/\/amipaiessantmarcal.org\/index.php\/wp-json\/wp\/v2\/tags?post=204"}],"curies":[{"name":"wp","href":"https:\/\/api.w.org\/{rel}","templated":true}]}}