{"id":1720,"date":"2026-01-25T20:30:40","date_gmt":"2026-01-25T20:30:40","guid":{"rendered":"https:\/\/amipaiessantmarcal.org\/?p=1720"},"modified":"2026-01-25T20:31:33","modified_gmt":"2026-01-25T20:31:33","slug":"ciberseguretat","status":"publish","type":"post","link":"https:\/\/amipaiessantmarcal.org\/index.php\/2026\/01\/25\/ciberseguretat\/","title":{"rendered":"Ciberseguretat"},"content":{"rendered":"\n<p>Benvolgudes fam\u00edlies,<br>Us convidem a una xerrada sobre ciberseguretat adre\u00e7ada a totes les fam\u00edlies de l\u2019IES Sant Mar\u00e7al, que tindr\u00e0 lloc el proper dijous 29 de gener.<br>Des de l\u2019associaci\u00f3 de fam\u00edlies (AFA) compartim les vostres inquietuds sobre la necessitat de desenvolupar noves capacitats per afrontar el repte de seguretat a les xarxes. Per tot aix\u00f2, hem organitzat aquesta activitat informativa sobre ciberseguretat a c\u00e0rrec de Javier Ferretjans, qui fa m\u00e9s de 20 anys que est\u00e0 treballant en el sector de la ciberseguretat.<br>S\u2019abordaran els seg\u00fcents temes: principals ciberamenaces, control parental, not\u00edcies (fake news) o rumors falsos, perills a les xarxes socials, ciberassetjament escolar. A m\u00e9s s\u2019oferiran recursos sobre com denunciar i com cercar ajuda.<\/p>\n\n\n\n<figure class=\"wp-block-image size-large\"><img loading=\"lazy\" decoding=\"async\" width=\"724\" height=\"1024\" src=\"https:\/\/amipaiessantmarcal.org\/wp-content\/uploads\/2026\/01\/Xerrada-ciberseguretat-724x1024.jpeg\" alt=\"\" class=\"wp-image-1721\" srcset=\"https:\/\/amipaiessantmarcal.org\/wp-content\/uploads\/2026\/01\/Xerrada-ciberseguretat-724x1024.jpeg 724w, https:\/\/amipaiessantmarcal.org\/wp-content\/uploads\/2026\/01\/Xerrada-ciberseguretat-212x300.jpeg 212w, https:\/\/amipaiessantmarcal.org\/wp-content\/uploads\/2026\/01\/Xerrada-ciberseguretat-768x1087.jpeg 768w, https:\/\/amipaiessantmarcal.org\/wp-content\/uploads\/2026\/01\/Xerrada-ciberseguretat-1085x1536.jpeg 1085w, https:\/\/amipaiessantmarcal.org\/wp-content\/uploads\/2026\/01\/Xerrada-ciberseguretat.jpeg 1447w\" sizes=\"auto, (max-width: 724px) 100vw, 724px\" \/><\/figure>\n\n\n\n<p>L&#8217;enlla\u00e7 al formulari d&#8217;inscripci\u00f3 \u00e9s aquest:<a href=\"https:\/\/forms.gle\/SNSWukq4sNPJgSzC9\"> https:\/\/forms.gle\/SNSWukq4sNPJgSzC9<\/a><\/p>\n\n\n\n<p>Animau-vos a venir!<\/p>\n","protected":false},"excerpt":{"rendered":"<p>Benvolgudes fam\u00edlies,Us convidem a una xerrada sobre ciberseguretat adre\u00e7ada a totes les fam\u00edlies de l\u2019IES Sant Mar\u00e7al, que tindr\u00e0 lloc el proper dijous 29 de gener.Des de l\u2019associaci\u00f3 de fam\u00edlies (AFA) compartim les vostres inquietuds sobre la necessitat de desenvolupar noves capacitats per afrontar el repte de seguretat a les xarxes. Per tot aix\u00f2, hem &hellip; <\/p>\n<p class=\"link-more\"><a href=\"https:\/\/amipaiessantmarcal.org\/index.php\/2026\/01\/25\/ciberseguretat\/\" class=\"more-link\">Continuar leyendo<span class=\"screen-reader-text\"> \u00abCiberseguretat\u00bb<\/span><\/a><\/p>\n","protected":false},"author":1,"featured_media":0,"comment_status":"open","ping_status":"open","sticky":false,"template":"","format":"standard","meta":{"footnotes":""},"categories":[9,14],"tags":[],"class_list":["post-1720","post","type-post","status-publish","format-standard","hentry","category-formacio-families","category-informacions-varies"],"yoast_head":"<!-- This site is optimized with the Yoast SEO plugin v24.3 - https:\/\/yoast.com\/wordpress\/plugins\/seo\/ -->\n<title>Ciberseguretat - AFA IES SANT MAR\u00c7AL<\/title>\n<meta name=\"robots\" content=\"index, follow, max-snippet:-1, max-image-preview:large, max-video-preview:-1\" \/>\n<link rel=\"canonical\" href=\"https:\/\/amipaiessantmarcal.org\/index.php\/2026\/01\/25\/ciberseguretat\/\" \/>\n<meta property=\"og:locale\" content=\"es_ES\" \/>\n<meta property=\"og:type\" content=\"article\" \/>\n<meta property=\"og:title\" content=\"Ciberseguretat - AFA IES SANT MAR\u00c7AL\" \/>\n<meta property=\"og:description\" content=\"Benvolgudes fam\u00edlies,Us convidem a una xerrada sobre ciberseguretat adre\u00e7ada a totes les fam\u00edlies de l\u2019IES Sant Mar\u00e7al, que tindr\u00e0 lloc el proper dijous 29 de gener.Des de l\u2019associaci\u00f3 de fam\u00edlies (AFA) compartim les vostres inquietuds sobre la necessitat de desenvolupar noves capacitats per afrontar el repte de seguretat a les xarxes. Per tot aix\u00f2, hem &hellip; Continuar leyendo &quot;Ciberseguretat&quot;\" \/>\n<meta property=\"og:url\" content=\"https:\/\/amipaiessantmarcal.org\/index.php\/2026\/01\/25\/ciberseguretat\/\" \/>\n<meta property=\"og:site_name\" content=\"AFA IES SANT MAR\u00c7AL\" \/>\n<meta property=\"article:published_time\" content=\"2026-01-25T20:30:40+00:00\" \/>\n<meta property=\"article:modified_time\" content=\"2026-01-25T20:31:33+00:00\" \/>\n<meta property=\"og:image\" content=\"https:\/\/amipaiessantmarcal.org\/wp-content\/uploads\/2026\/01\/Xerrada-ciberseguretat.jpeg\" \/>\n\t<meta property=\"og:image:width\" content=\"1447\" \/>\n\t<meta property=\"og:image:height\" content=\"2048\" \/>\n\t<meta property=\"og:image:type\" content=\"image\/jpeg\" \/>\n<meta name=\"author\" content=\"admin\" \/>\n<meta name=\"twitter:card\" content=\"summary_large_image\" \/>\n<meta name=\"twitter:label1\" content=\"Escrito por\" \/>\n\t<meta name=\"twitter:data1\" content=\"admin\" \/>\n\t<meta name=\"twitter:label2\" content=\"Tiempo de lectura\" \/>\n\t<meta name=\"twitter:data2\" content=\"1 minuto\" \/>\n<script type=\"application\/ld+json\" class=\"yoast-schema-graph\">{\"@context\":\"https:\/\/schema.org\",\"@graph\":[{\"@type\":\"Article\",\"@id\":\"https:\/\/amipaiessantmarcal.org\/index.php\/2026\/01\/25\/ciberseguretat\/#article\",\"isPartOf\":{\"@id\":\"https:\/\/amipaiessantmarcal.org\/index.php\/2026\/01\/25\/ciberseguretat\/\"},\"author\":{\"name\":\"admin\",\"@id\":\"https:\/\/amipaiessantmarcal.org\/#\/schema\/person\/31ab78cbb0806981fac9e7ae368301e6\"},\"headline\":\"Ciberseguretat\",\"datePublished\":\"2026-01-25T20:30:40+00:00\",\"dateModified\":\"2026-01-25T20:31:33+00:00\",\"mainEntityOfPage\":{\"@id\":\"https:\/\/amipaiessantmarcal.org\/index.php\/2026\/01\/25\/ciberseguretat\/\"},\"wordCount\":142,\"commentCount\":0,\"publisher\":{\"@id\":\"https:\/\/amipaiessantmarcal.org\/#organization\"},\"image\":{\"@id\":\"https:\/\/amipaiessantmarcal.org\/index.php\/2026\/01\/25\/ciberseguretat\/#primaryimage\"},\"thumbnailUrl\":\"https:\/\/amipaiessantmarcal.org\/wp-content\/uploads\/2026\/01\/Xerrada-ciberseguretat-724x1024.jpeg\",\"articleSection\":[\"Formaci\u00f3 families\",\"Informacions varies\"],\"inLanguage\":\"es\",\"potentialAction\":[{\"@type\":\"CommentAction\",\"name\":\"Comment\",\"target\":[\"https:\/\/amipaiessantmarcal.org\/index.php\/2026\/01\/25\/ciberseguretat\/#respond\"]}]},{\"@type\":\"WebPage\",\"@id\":\"https:\/\/amipaiessantmarcal.org\/index.php\/2026\/01\/25\/ciberseguretat\/\",\"url\":\"https:\/\/amipaiessantmarcal.org\/index.php\/2026\/01\/25\/ciberseguretat\/\",\"name\":\"Ciberseguretat - AFA IES SANT MAR\u00c7AL\",\"isPartOf\":{\"@id\":\"https:\/\/amipaiessantmarcal.org\/#website\"},\"primaryImageOfPage\":{\"@id\":\"https:\/\/amipaiessantmarcal.org\/index.php\/2026\/01\/25\/ciberseguretat\/#primaryimage\"},\"image\":{\"@id\":\"https:\/\/amipaiessantmarcal.org\/index.php\/2026\/01\/25\/ciberseguretat\/#primaryimage\"},\"thumbnailUrl\":\"https:\/\/amipaiessantmarcal.org\/wp-content\/uploads\/2026\/01\/Xerrada-ciberseguretat-724x1024.jpeg\",\"datePublished\":\"2026-01-25T20:30:40+00:00\",\"dateModified\":\"2026-01-25T20:31:33+00:00\",\"breadcrumb\":{\"@id\":\"https:\/\/amipaiessantmarcal.org\/index.php\/2026\/01\/25\/ciberseguretat\/#breadcrumb\"},\"inLanguage\":\"es\",\"potentialAction\":[{\"@type\":\"ReadAction\",\"target\":[\"https:\/\/amipaiessantmarcal.org\/index.php\/2026\/01\/25\/ciberseguretat\/\"]}]},{\"@type\":\"ImageObject\",\"inLanguage\":\"es\",\"@id\":\"https:\/\/amipaiessantmarcal.org\/index.php\/2026\/01\/25\/ciberseguretat\/#primaryimage\",\"url\":\"https:\/\/amipaiessantmarcal.org\/wp-content\/uploads\/2026\/01\/Xerrada-ciberseguretat.jpeg\",\"contentUrl\":\"https:\/\/amipaiessantmarcal.org\/wp-content\/uploads\/2026\/01\/Xerrada-ciberseguretat.jpeg\",\"width\":1447,\"height\":2048},{\"@type\":\"BreadcrumbList\",\"@id\":\"https:\/\/amipaiessantmarcal.org\/index.php\/2026\/01\/25\/ciberseguretat\/#breadcrumb\",\"itemListElement\":[{\"@type\":\"ListItem\",\"position\":1,\"name\":\"Home\",\"item\":\"https:\/\/amipaiessantmarcal.org\/\"},{\"@type\":\"ListItem\",\"position\":2,\"name\":\"Ciberseguretat\"}]},{\"@type\":\"WebSite\",\"@id\":\"https:\/\/amipaiessantmarcal.org\/#website\",\"url\":\"https:\/\/amipaiessantmarcal.org\/\",\"name\":\"AFA IES SANT MAR\u00c7AL\",\"description\":\"Associaci\u00f3 de Fam\u00edlies de l&#039;Institut de Sant Mar\u00e7al, Marratxi.\",\"publisher\":{\"@id\":\"https:\/\/amipaiessantmarcal.org\/#organization\"},\"potentialAction\":[{\"@type\":\"SearchAction\",\"target\":{\"@type\":\"EntryPoint\",\"urlTemplate\":\"https:\/\/amipaiessantmarcal.org\/?s={search_term_string}\"},\"query-input\":{\"@type\":\"PropertyValueSpecification\",\"valueRequired\":true,\"valueName\":\"search_term_string\"}}],\"inLanguage\":\"es\"},{\"@type\":\"Organization\",\"@id\":\"https:\/\/amipaiessantmarcal.org\/#organization\",\"name\":\"AFA IES SANT MAR\u00c7AL\",\"url\":\"https:\/\/amipaiessantmarcal.org\/\",\"logo\":{\"@type\":\"ImageObject\",\"inLanguage\":\"es\",\"@id\":\"https:\/\/amipaiessantmarcal.org\/#\/schema\/logo\/image\/\",\"url\":\"https:\/\/amipaiessantmarcal.org\/wp-content\/uploads\/2025\/06\/cropped-Logo-04.jpg\",\"contentUrl\":\"https:\/\/amipaiessantmarcal.org\/wp-content\/uploads\/2025\/06\/cropped-Logo-04.jpg\",\"width\":189,\"height\":250,\"caption\":\"AFA IES SANT MAR\u00c7AL\"},\"image\":{\"@id\":\"https:\/\/amipaiessantmarcal.org\/#\/schema\/logo\/image\/\"}},{\"@type\":\"Person\",\"@id\":\"https:\/\/amipaiessantmarcal.org\/#\/schema\/person\/31ab78cbb0806981fac9e7ae368301e6\",\"name\":\"admin\",\"image\":{\"@type\":\"ImageObject\",\"inLanguage\":\"es\",\"@id\":\"https:\/\/amipaiessantmarcal.org\/#\/schema\/person\/image\/\",\"url\":\"https:\/\/secure.gravatar.com\/avatar\/7cb5fd617fbb3e84ce94bfa3896f4a86?s=96&d=mm&r=g\",\"contentUrl\":\"https:\/\/secure.gravatar.com\/avatar\/7cb5fd617fbb3e84ce94bfa3896f4a86?s=96&d=mm&r=g\",\"caption\":\"admin\"},\"url\":\"https:\/\/amipaiessantmarcal.org\/index.php\/author\/amipaiessantmarcal\/\"}]}<\/script>\n<!-- \/ Yoast SEO plugin. -->","yoast_head_json":{"title":"Ciberseguretat - AFA IES SANT MAR\u00c7AL","robots":{"index":"index","follow":"follow","max-snippet":"max-snippet:-1","max-image-preview":"max-image-preview:large","max-video-preview":"max-video-preview:-1"},"canonical":"https:\/\/amipaiessantmarcal.org\/index.php\/2026\/01\/25\/ciberseguretat\/","og_locale":"es_ES","og_type":"article","og_title":"Ciberseguretat - AFA IES SANT MAR\u00c7AL","og_description":"Benvolgudes fam\u00edlies,Us convidem a una xerrada sobre ciberseguretat adre\u00e7ada a totes les fam\u00edlies de l\u2019IES Sant Mar\u00e7al, que tindr\u00e0 lloc el proper dijous 29 de gener.Des de l\u2019associaci\u00f3 de fam\u00edlies (AFA) compartim les vostres inquietuds sobre la necessitat de desenvolupar noves capacitats per afrontar el repte de seguretat a les xarxes. Per tot aix\u00f2, hem &hellip; Continuar leyendo \"Ciberseguretat\"","og_url":"https:\/\/amipaiessantmarcal.org\/index.php\/2026\/01\/25\/ciberseguretat\/","og_site_name":"AFA IES SANT MAR\u00c7AL","article_published_time":"2026-01-25T20:30:40+00:00","article_modified_time":"2026-01-25T20:31:33+00:00","og_image":[{"width":1447,"height":2048,"url":"https:\/\/amipaiessantmarcal.org\/wp-content\/uploads\/2026\/01\/Xerrada-ciberseguretat.jpeg","type":"image\/jpeg"}],"author":"admin","twitter_card":"summary_large_image","twitter_misc":{"Escrito por":"admin","Tiempo de lectura":"1 minuto"},"schema":{"@context":"https:\/\/schema.org","@graph":[{"@type":"Article","@id":"https:\/\/amipaiessantmarcal.org\/index.php\/2026\/01\/25\/ciberseguretat\/#article","isPartOf":{"@id":"https:\/\/amipaiessantmarcal.org\/index.php\/2026\/01\/25\/ciberseguretat\/"},"author":{"name":"admin","@id":"https:\/\/amipaiessantmarcal.org\/#\/schema\/person\/31ab78cbb0806981fac9e7ae368301e6"},"headline":"Ciberseguretat","datePublished":"2026-01-25T20:30:40+00:00","dateModified":"2026-01-25T20:31:33+00:00","mainEntityOfPage":{"@id":"https:\/\/amipaiessantmarcal.org\/index.php\/2026\/01\/25\/ciberseguretat\/"},"wordCount":142,"commentCount":0,"publisher":{"@id":"https:\/\/amipaiessantmarcal.org\/#organization"},"image":{"@id":"https:\/\/amipaiessantmarcal.org\/index.php\/2026\/01\/25\/ciberseguretat\/#primaryimage"},"thumbnailUrl":"https:\/\/amipaiessantmarcal.org\/wp-content\/uploads\/2026\/01\/Xerrada-ciberseguretat-724x1024.jpeg","articleSection":["Formaci\u00f3 families","Informacions varies"],"inLanguage":"es","potentialAction":[{"@type":"CommentAction","name":"Comment","target":["https:\/\/amipaiessantmarcal.org\/index.php\/2026\/01\/25\/ciberseguretat\/#respond"]}]},{"@type":"WebPage","@id":"https:\/\/amipaiessantmarcal.org\/index.php\/2026\/01\/25\/ciberseguretat\/","url":"https:\/\/amipaiessantmarcal.org\/index.php\/2026\/01\/25\/ciberseguretat\/","name":"Ciberseguretat - AFA IES SANT MAR\u00c7AL","isPartOf":{"@id":"https:\/\/amipaiessantmarcal.org\/#website"},"primaryImageOfPage":{"@id":"https:\/\/amipaiessantmarcal.org\/index.php\/2026\/01\/25\/ciberseguretat\/#primaryimage"},"image":{"@id":"https:\/\/amipaiessantmarcal.org\/index.php\/2026\/01\/25\/ciberseguretat\/#primaryimage"},"thumbnailUrl":"https:\/\/amipaiessantmarcal.org\/wp-content\/uploads\/2026\/01\/Xerrada-ciberseguretat-724x1024.jpeg","datePublished":"2026-01-25T20:30:40+00:00","dateModified":"2026-01-25T20:31:33+00:00","breadcrumb":{"@id":"https:\/\/amipaiessantmarcal.org\/index.php\/2026\/01\/25\/ciberseguretat\/#breadcrumb"},"inLanguage":"es","potentialAction":[{"@type":"ReadAction","target":["https:\/\/amipaiessantmarcal.org\/index.php\/2026\/01\/25\/ciberseguretat\/"]}]},{"@type":"ImageObject","inLanguage":"es","@id":"https:\/\/amipaiessantmarcal.org\/index.php\/2026\/01\/25\/ciberseguretat\/#primaryimage","url":"https:\/\/amipaiessantmarcal.org\/wp-content\/uploads\/2026\/01\/Xerrada-ciberseguretat.jpeg","contentUrl":"https:\/\/amipaiessantmarcal.org\/wp-content\/uploads\/2026\/01\/Xerrada-ciberseguretat.jpeg","width":1447,"height":2048},{"@type":"BreadcrumbList","@id":"https:\/\/amipaiessantmarcal.org\/index.php\/2026\/01\/25\/ciberseguretat\/#breadcrumb","itemListElement":[{"@type":"ListItem","position":1,"name":"Home","item":"https:\/\/amipaiessantmarcal.org\/"},{"@type":"ListItem","position":2,"name":"Ciberseguretat"}]},{"@type":"WebSite","@id":"https:\/\/amipaiessantmarcal.org\/#website","url":"https:\/\/amipaiessantmarcal.org\/","name":"AFA IES SANT MAR\u00c7AL","description":"Associaci\u00f3 de Fam\u00edlies de l&#039;Institut de Sant Mar\u00e7al, Marratxi.","publisher":{"@id":"https:\/\/amipaiessantmarcal.org\/#organization"},"potentialAction":[{"@type":"SearchAction","target":{"@type":"EntryPoint","urlTemplate":"https:\/\/amipaiessantmarcal.org\/?s={search_term_string}"},"query-input":{"@type":"PropertyValueSpecification","valueRequired":true,"valueName":"search_term_string"}}],"inLanguage":"es"},{"@type":"Organization","@id":"https:\/\/amipaiessantmarcal.org\/#organization","name":"AFA IES SANT MAR\u00c7AL","url":"https:\/\/amipaiessantmarcal.org\/","logo":{"@type":"ImageObject","inLanguage":"es","@id":"https:\/\/amipaiessantmarcal.org\/#\/schema\/logo\/image\/","url":"https:\/\/amipaiessantmarcal.org\/wp-content\/uploads\/2025\/06\/cropped-Logo-04.jpg","contentUrl":"https:\/\/amipaiessantmarcal.org\/wp-content\/uploads\/2025\/06\/cropped-Logo-04.jpg","width":189,"height":250,"caption":"AFA IES SANT MAR\u00c7AL"},"image":{"@id":"https:\/\/amipaiessantmarcal.org\/#\/schema\/logo\/image\/"}},{"@type":"Person","@id":"https:\/\/amipaiessantmarcal.org\/#\/schema\/person\/31ab78cbb0806981fac9e7ae368301e6","name":"admin","image":{"@type":"ImageObject","inLanguage":"es","@id":"https:\/\/amipaiessantmarcal.org\/#\/schema\/person\/image\/","url":"https:\/\/secure.gravatar.com\/avatar\/7cb5fd617fbb3e84ce94bfa3896f4a86?s=96&d=mm&r=g","contentUrl":"https:\/\/secure.gravatar.com\/avatar\/7cb5fd617fbb3e84ce94bfa3896f4a86?s=96&d=mm&r=g","caption":"admin"},"url":"https:\/\/amipaiessantmarcal.org\/index.php\/author\/amipaiessantmarcal\/"}]}},"_links":{"self":[{"href":"https:\/\/amipaiessantmarcal.org\/index.php\/wp-json\/wp\/v2\/posts\/1720","targetHints":{"allow":["GET"]}}],"collection":[{"href":"https:\/\/amipaiessantmarcal.org\/index.php\/wp-json\/wp\/v2\/posts"}],"about":[{"href":"https:\/\/amipaiessantmarcal.org\/index.php\/wp-json\/wp\/v2\/types\/post"}],"author":[{"embeddable":true,"href":"https:\/\/amipaiessantmarcal.org\/index.php\/wp-json\/wp\/v2\/users\/1"}],"replies":[{"embeddable":true,"href":"https:\/\/amipaiessantmarcal.org\/index.php\/wp-json\/wp\/v2\/comments?post=1720"}],"version-history":[{"count":1,"href":"https:\/\/amipaiessantmarcal.org\/index.php\/wp-json\/wp\/v2\/posts\/1720\/revisions"}],"predecessor-version":[{"id":1722,"href":"https:\/\/amipaiessantmarcal.org\/index.php\/wp-json\/wp\/v2\/posts\/1720\/revisions\/1722"}],"wp:attachment":[{"href":"https:\/\/amipaiessantmarcal.org\/index.php\/wp-json\/wp\/v2\/media?parent=1720"}],"wp:term":[{"taxonomy":"category","embeddable":true,"href":"https:\/\/amipaiessantmarcal.org\/index.php\/wp-json\/wp\/v2\/categories?post=1720"},{"taxonomy":"post_tag","embeddable":true,"href":"https:\/\/amipaiessantmarcal.org\/index.php\/wp-json\/wp\/v2\/tags?post=1720"}],"curies":[{"name":"wp","href":"https:\/\/api.w.org\/{rel}","templated":true}]}}