{"id":160,"date":"2020-03-02T18:32:10","date_gmt":"2020-03-02T18:32:10","guid":{"rendered":"https:\/\/amipaiessantmarcal.org\/?p=160"},"modified":"2020-03-02T18:56:39","modified_gmt":"2020-03-02T18:56:39","slug":"comunicat-coronavirus","status":"publish","type":"post","link":"https:\/\/amipaiessantmarcal.org\/index.php\/2020\/03\/02\/comunicat-coronavirus\/","title":{"rendered":"COMUNICAT CORONAVIRUS"},"content":{"rendered":"\n<p>Arran de tota la informaci\u00f3 que hi ha en els diferents mitjans de comunicaci\u00f3 i les xarxes socials, el &nbsp;<em>Ministerio de Sanidad&nbsp;<\/em>i&nbsp;<em>el Ministerio de Educaci\u00f3n y Formaci\u00f3n Profesional<\/em>&nbsp; han dirigit de manera conjunta a la Comunitat Educativa el seg\u00fcent comunicat amb informaci\u00f3 sobre el nou coronavirus i les principals recomanacions al respecte aix\u00ed com una infografia per facilitar la difusi\u00f3 de la informaci\u00f3.<\/p>\n\n\n\n<div class=\"wp-block-file\"><a href=\"https:\/\/amipaiessantmarcal.org\/wp-content\/uploads\/2020\/03\/Carta-Educacion-Sanidad_fdo.pdf\">Carta-Educacion-Sanidad_fdo<\/a><a href=\"https:\/\/amipaiessantmarcal.org\/wp-content\/uploads\/2020\/03\/Carta-Educacion-Sanidad_fdo.pdf\" class=\"wp-block-file__button\" download>Descarga<\/a><\/div>\n\n\n\n<p>Aquest comunicat ens ha arribat a trav\u00e9s de <a href=\"https:\/\/www.fapamallorca.org\/comunicat-coronavirus\/\">FAPA Mallorca<\/a>, que recomana evitar alarmismes i consultar fons oficials sobre l\u2019evoluci\u00f3 dels casos i futures recomanacions.<\/p>\n\n\n\n<p>Per m\u00e9s informaci\u00f3:  <a href=\"https:\/\/www.mscbs.gob.es\/profesionales\/saludPublica\/ccayes\/alertasActual\/nCov-China\/home.htm\">https:\/\/www.mscbs.gob.es\/profesionales\/saludPublica\/ccayes\/alertasActual\/nCov-China\/home.htm<\/a> <\/p>\n\n\n\n<figure class=\"wp-block-image size-large\"><img loading=\"lazy\" decoding=\"async\" width=\"771\" height=\"1024\" src=\"https:\/\/amipaiessantmarcal.org\/wp-content\/uploads\/2020\/03\/Infografia_nuevo_coronavirus-scaled-1-771x1024.jpg\" alt=\"\" class=\"wp-image-163\" srcset=\"https:\/\/amipaiessantmarcal.org\/wp-content\/uploads\/2020\/03\/Infografia_nuevo_coronavirus-scaled-1-771x1024.jpg 771w, https:\/\/amipaiessantmarcal.org\/wp-content\/uploads\/2020\/03\/Infografia_nuevo_coronavirus-scaled-1-226x300.jpg 226w, https:\/\/amipaiessantmarcal.org\/wp-content\/uploads\/2020\/03\/Infografia_nuevo_coronavirus-scaled-1-768x1020.jpg 768w, https:\/\/amipaiessantmarcal.org\/wp-content\/uploads\/2020\/03\/Infografia_nuevo_coronavirus-scaled-1-1156x1536.jpg 1156w, https:\/\/amipaiessantmarcal.org\/wp-content\/uploads\/2020\/03\/Infografia_nuevo_coronavirus-scaled-1-1542x2048.jpg 1542w, https:\/\/amipaiessantmarcal.org\/wp-content\/uploads\/2020\/03\/Infografia_nuevo_coronavirus-scaled-1.jpg 1927w\" sizes=\"auto, (max-width: 767px) 89vw, (max-width: 1000px) 54vw, (max-width: 1071px) 543px, 580px\" \/><\/figure>\n","protected":false},"excerpt":{"rendered":"<p>Arran de tota la informaci\u00f3 que hi ha en els diferents mitjans de comunicaci\u00f3 i les xarxes socials, el &nbsp;Ministerio de Sanidad&nbsp;i&nbsp;el Ministerio de Educaci\u00f3n y Formaci\u00f3n Profesional&nbsp; han dirigit de manera conjunta a la Comunitat Educativa el seg\u00fcent comunicat amb informaci\u00f3 sobre el nou coronavirus i les principals recomanacions al respecte aix\u00ed com una &hellip; <\/p>\n<p class=\"link-more\"><a href=\"https:\/\/amipaiessantmarcal.org\/index.php\/2020\/03\/02\/comunicat-coronavirus\/\" class=\"more-link\">Continuar leyendo<span class=\"screen-reader-text\"> \u00abCOMUNICAT CORONAVIRUS\u00bb<\/span><\/a><\/p>\n","protected":false},"author":1,"featured_media":0,"comment_status":"open","ping_status":"open","sticky":false,"template":"","format":"standard","meta":{"footnotes":""},"categories":[12],"tags":[],"class_list":["post-160","post","type-post","status-publish","format-standard","hentry","category-noticies"],"yoast_head":"<!-- This site is optimized with the Yoast SEO plugin v24.3 - https:\/\/yoast.com\/wordpress\/plugins\/seo\/ -->\n<title>COMUNICAT CORONAVIRUS - AFA IES SANT MAR\u00c7AL<\/title>\n<meta name=\"robots\" content=\"index, follow, max-snippet:-1, max-image-preview:large, max-video-preview:-1\" \/>\n<link rel=\"canonical\" href=\"https:\/\/amipaiessantmarcal.org\/index.php\/2020\/03\/02\/comunicat-coronavirus\/\" \/>\n<meta property=\"og:locale\" content=\"es_ES\" \/>\n<meta property=\"og:type\" content=\"article\" \/>\n<meta property=\"og:title\" content=\"COMUNICAT CORONAVIRUS - AFA IES SANT MAR\u00c7AL\" \/>\n<meta property=\"og:description\" content=\"Arran de tota la informaci\u00f3 que hi ha en els diferents mitjans de comunicaci\u00f3 i les xarxes socials, el &nbsp;Ministerio de Sanidad&nbsp;i&nbsp;el Ministerio de Educaci\u00f3n y Formaci\u00f3n Profesional&nbsp; han dirigit de manera conjunta a la Comunitat Educativa el seg\u00fcent comunicat amb informaci\u00f3 sobre el nou coronavirus i les principals recomanacions al respecte aix\u00ed com una &hellip; Continuar leyendo &quot;COMUNICAT CORONAVIRUS&quot;\" \/>\n<meta property=\"og:url\" content=\"https:\/\/amipaiessantmarcal.org\/index.php\/2020\/03\/02\/comunicat-coronavirus\/\" \/>\n<meta property=\"og:site_name\" content=\"AFA IES SANT MAR\u00c7AL\" \/>\n<meta property=\"article:published_time\" content=\"2020-03-02T18:32:10+00:00\" \/>\n<meta property=\"article:modified_time\" content=\"2020-03-02T18:56:39+00:00\" \/>\n<meta property=\"og:image\" content=\"https:\/\/amipaiessantmarcal.org\/wp-content\/uploads\/2020\/03\/Infografia_nuevo_coronavirus-scaled-1-771x1024.jpg\" \/>\n<meta name=\"author\" content=\"admin\" \/>\n<meta name=\"twitter:card\" content=\"summary_large_image\" \/>\n<meta name=\"twitter:label1\" content=\"Escrito por\" \/>\n\t<meta name=\"twitter:data1\" content=\"admin\" \/>\n\t<meta name=\"twitter:label2\" content=\"Tiempo de lectura\" \/>\n\t<meta name=\"twitter:data2\" content=\"1 minuto\" \/>\n<script type=\"application\/ld+json\" class=\"yoast-schema-graph\">{\"@context\":\"https:\/\/schema.org\",\"@graph\":[{\"@type\":\"Article\",\"@id\":\"https:\/\/amipaiessantmarcal.org\/index.php\/2020\/03\/02\/comunicat-coronavirus\/#article\",\"isPartOf\":{\"@id\":\"https:\/\/amipaiessantmarcal.org\/index.php\/2020\/03\/02\/comunicat-coronavirus\/\"},\"author\":{\"name\":\"admin\",\"@id\":\"https:\/\/amipaiessantmarcal.org\/#\/schema\/person\/31ab78cbb0806981fac9e7ae368301e6\"},\"headline\":\"COMUNICAT CORONAVIRUS\",\"datePublished\":\"2020-03-02T18:32:10+00:00\",\"dateModified\":\"2020-03-02T18:56:39+00:00\",\"mainEntityOfPage\":{\"@id\":\"https:\/\/amipaiessantmarcal.org\/index.php\/2020\/03\/02\/comunicat-coronavirus\/\"},\"wordCount\":120,\"commentCount\":0,\"publisher\":{\"@id\":\"https:\/\/amipaiessantmarcal.org\/#organization\"},\"image\":{\"@id\":\"https:\/\/amipaiessantmarcal.org\/index.php\/2020\/03\/02\/comunicat-coronavirus\/#primaryimage\"},\"thumbnailUrl\":\"https:\/\/amipaiessantmarcal.org\/wp-content\/uploads\/2020\/03\/Infografia_nuevo_coronavirus-scaled-1-771x1024.jpg\",\"articleSection\":[\"Noticies\"],\"inLanguage\":\"es\",\"potentialAction\":[{\"@type\":\"CommentAction\",\"name\":\"Comment\",\"target\":[\"https:\/\/amipaiessantmarcal.org\/index.php\/2020\/03\/02\/comunicat-coronavirus\/#respond\"]}]},{\"@type\":\"WebPage\",\"@id\":\"https:\/\/amipaiessantmarcal.org\/index.php\/2020\/03\/02\/comunicat-coronavirus\/\",\"url\":\"https:\/\/amipaiessantmarcal.org\/index.php\/2020\/03\/02\/comunicat-coronavirus\/\",\"name\":\"COMUNICAT CORONAVIRUS - AFA IES SANT MAR\u00c7AL\",\"isPartOf\":{\"@id\":\"https:\/\/amipaiessantmarcal.org\/#website\"},\"primaryImageOfPage\":{\"@id\":\"https:\/\/amipaiessantmarcal.org\/index.php\/2020\/03\/02\/comunicat-coronavirus\/#primaryimage\"},\"image\":{\"@id\":\"https:\/\/amipaiessantmarcal.org\/index.php\/2020\/03\/02\/comunicat-coronavirus\/#primaryimage\"},\"thumbnailUrl\":\"https:\/\/amipaiessantmarcal.org\/wp-content\/uploads\/2020\/03\/Infografia_nuevo_coronavirus-scaled-1-771x1024.jpg\",\"datePublished\":\"2020-03-02T18:32:10+00:00\",\"dateModified\":\"2020-03-02T18:56:39+00:00\",\"breadcrumb\":{\"@id\":\"https:\/\/amipaiessantmarcal.org\/index.php\/2020\/03\/02\/comunicat-coronavirus\/#breadcrumb\"},\"inLanguage\":\"es\",\"potentialAction\":[{\"@type\":\"ReadAction\",\"target\":[\"https:\/\/amipaiessantmarcal.org\/index.php\/2020\/03\/02\/comunicat-coronavirus\/\"]}]},{\"@type\":\"ImageObject\",\"inLanguage\":\"es\",\"@id\":\"https:\/\/amipaiessantmarcal.org\/index.php\/2020\/03\/02\/comunicat-coronavirus\/#primaryimage\",\"url\":\"https:\/\/amipaiessantmarcal.org\/wp-content\/uploads\/2020\/03\/Infografia_nuevo_coronavirus-scaled-1.jpg\",\"contentUrl\":\"https:\/\/amipaiessantmarcal.org\/wp-content\/uploads\/2020\/03\/Infografia_nuevo_coronavirus-scaled-1.jpg\",\"width\":1927,\"height\":2560},{\"@type\":\"BreadcrumbList\",\"@id\":\"https:\/\/amipaiessantmarcal.org\/index.php\/2020\/03\/02\/comunicat-coronavirus\/#breadcrumb\",\"itemListElement\":[{\"@type\":\"ListItem\",\"position\":1,\"name\":\"Home\",\"item\":\"https:\/\/amipaiessantmarcal.org\/\"},{\"@type\":\"ListItem\",\"position\":2,\"name\":\"COMUNICAT CORONAVIRUS\"}]},{\"@type\":\"WebSite\",\"@id\":\"https:\/\/amipaiessantmarcal.org\/#website\",\"url\":\"https:\/\/amipaiessantmarcal.org\/\",\"name\":\"AFA IES SANT MAR\u00c7AL\",\"description\":\"Associaci\u00f3 de Fam\u00edlies de l&#039;Institut de Sant Mar\u00e7al, Marratxi.\",\"publisher\":{\"@id\":\"https:\/\/amipaiessantmarcal.org\/#organization\"},\"potentialAction\":[{\"@type\":\"SearchAction\",\"target\":{\"@type\":\"EntryPoint\",\"urlTemplate\":\"https:\/\/amipaiessantmarcal.org\/?s={search_term_string}\"},\"query-input\":{\"@type\":\"PropertyValueSpecification\",\"valueRequired\":true,\"valueName\":\"search_term_string\"}}],\"inLanguage\":\"es\"},{\"@type\":\"Organization\",\"@id\":\"https:\/\/amipaiessantmarcal.org\/#organization\",\"name\":\"AFA IES SANT MAR\u00c7AL\",\"url\":\"https:\/\/amipaiessantmarcal.org\/\",\"logo\":{\"@type\":\"ImageObject\",\"inLanguage\":\"es\",\"@id\":\"https:\/\/amipaiessantmarcal.org\/#\/schema\/logo\/image\/\",\"url\":\"https:\/\/amipaiessantmarcal.org\/wp-content\/uploads\/2025\/06\/cropped-Logo-04.jpg\",\"contentUrl\":\"https:\/\/amipaiessantmarcal.org\/wp-content\/uploads\/2025\/06\/cropped-Logo-04.jpg\",\"width\":189,\"height\":250,\"caption\":\"AFA IES SANT MAR\u00c7AL\"},\"image\":{\"@id\":\"https:\/\/amipaiessantmarcal.org\/#\/schema\/logo\/image\/\"}},{\"@type\":\"Person\",\"@id\":\"https:\/\/amipaiessantmarcal.org\/#\/schema\/person\/31ab78cbb0806981fac9e7ae368301e6\",\"name\":\"admin\",\"image\":{\"@type\":\"ImageObject\",\"inLanguage\":\"es\",\"@id\":\"https:\/\/amipaiessantmarcal.org\/#\/schema\/person\/image\/\",\"url\":\"https:\/\/secure.gravatar.com\/avatar\/7cb5fd617fbb3e84ce94bfa3896f4a86?s=96&d=mm&r=g\",\"contentUrl\":\"https:\/\/secure.gravatar.com\/avatar\/7cb5fd617fbb3e84ce94bfa3896f4a86?s=96&d=mm&r=g\",\"caption\":\"admin\"},\"url\":\"https:\/\/amipaiessantmarcal.org\/index.php\/author\/amipaiessantmarcal\/\"}]}<\/script>\n<!-- \/ Yoast SEO plugin. -->","yoast_head_json":{"title":"COMUNICAT CORONAVIRUS - AFA IES SANT MAR\u00c7AL","robots":{"index":"index","follow":"follow","max-snippet":"max-snippet:-1","max-image-preview":"max-image-preview:large","max-video-preview":"max-video-preview:-1"},"canonical":"https:\/\/amipaiessantmarcal.org\/index.php\/2020\/03\/02\/comunicat-coronavirus\/","og_locale":"es_ES","og_type":"article","og_title":"COMUNICAT CORONAVIRUS - AFA IES SANT MAR\u00c7AL","og_description":"Arran de tota la informaci\u00f3 que hi ha en els diferents mitjans de comunicaci\u00f3 i les xarxes socials, el &nbsp;Ministerio de Sanidad&nbsp;i&nbsp;el Ministerio de Educaci\u00f3n y Formaci\u00f3n Profesional&nbsp; han dirigit de manera conjunta a la Comunitat Educativa el seg\u00fcent comunicat amb informaci\u00f3 sobre el nou coronavirus i les principals recomanacions al respecte aix\u00ed com una &hellip; Continuar leyendo \"COMUNICAT CORONAVIRUS\"","og_url":"https:\/\/amipaiessantmarcal.org\/index.php\/2020\/03\/02\/comunicat-coronavirus\/","og_site_name":"AFA IES SANT MAR\u00c7AL","article_published_time":"2020-03-02T18:32:10+00:00","article_modified_time":"2020-03-02T18:56:39+00:00","og_image":[{"url":"https:\/\/amipaiessantmarcal.org\/wp-content\/uploads\/2020\/03\/Infografia_nuevo_coronavirus-scaled-1-771x1024.jpg","type":"","width":"","height":""}],"author":"admin","twitter_card":"summary_large_image","twitter_misc":{"Escrito por":"admin","Tiempo de lectura":"1 minuto"},"schema":{"@context":"https:\/\/schema.org","@graph":[{"@type":"Article","@id":"https:\/\/amipaiessantmarcal.org\/index.php\/2020\/03\/02\/comunicat-coronavirus\/#article","isPartOf":{"@id":"https:\/\/amipaiessantmarcal.org\/index.php\/2020\/03\/02\/comunicat-coronavirus\/"},"author":{"name":"admin","@id":"https:\/\/amipaiessantmarcal.org\/#\/schema\/person\/31ab78cbb0806981fac9e7ae368301e6"},"headline":"COMUNICAT CORONAVIRUS","datePublished":"2020-03-02T18:32:10+00:00","dateModified":"2020-03-02T18:56:39+00:00","mainEntityOfPage":{"@id":"https:\/\/amipaiessantmarcal.org\/index.php\/2020\/03\/02\/comunicat-coronavirus\/"},"wordCount":120,"commentCount":0,"publisher":{"@id":"https:\/\/amipaiessantmarcal.org\/#organization"},"image":{"@id":"https:\/\/amipaiessantmarcal.org\/index.php\/2020\/03\/02\/comunicat-coronavirus\/#primaryimage"},"thumbnailUrl":"https:\/\/amipaiessantmarcal.org\/wp-content\/uploads\/2020\/03\/Infografia_nuevo_coronavirus-scaled-1-771x1024.jpg","articleSection":["Noticies"],"inLanguage":"es","potentialAction":[{"@type":"CommentAction","name":"Comment","target":["https:\/\/amipaiessantmarcal.org\/index.php\/2020\/03\/02\/comunicat-coronavirus\/#respond"]}]},{"@type":"WebPage","@id":"https:\/\/amipaiessantmarcal.org\/index.php\/2020\/03\/02\/comunicat-coronavirus\/","url":"https:\/\/amipaiessantmarcal.org\/index.php\/2020\/03\/02\/comunicat-coronavirus\/","name":"COMUNICAT CORONAVIRUS - AFA IES SANT MAR\u00c7AL","isPartOf":{"@id":"https:\/\/amipaiessantmarcal.org\/#website"},"primaryImageOfPage":{"@id":"https:\/\/amipaiessantmarcal.org\/index.php\/2020\/03\/02\/comunicat-coronavirus\/#primaryimage"},"image":{"@id":"https:\/\/amipaiessantmarcal.org\/index.php\/2020\/03\/02\/comunicat-coronavirus\/#primaryimage"},"thumbnailUrl":"https:\/\/amipaiessantmarcal.org\/wp-content\/uploads\/2020\/03\/Infografia_nuevo_coronavirus-scaled-1-771x1024.jpg","datePublished":"2020-03-02T18:32:10+00:00","dateModified":"2020-03-02T18:56:39+00:00","breadcrumb":{"@id":"https:\/\/amipaiessantmarcal.org\/index.php\/2020\/03\/02\/comunicat-coronavirus\/#breadcrumb"},"inLanguage":"es","potentialAction":[{"@type":"ReadAction","target":["https:\/\/amipaiessantmarcal.org\/index.php\/2020\/03\/02\/comunicat-coronavirus\/"]}]},{"@type":"ImageObject","inLanguage":"es","@id":"https:\/\/amipaiessantmarcal.org\/index.php\/2020\/03\/02\/comunicat-coronavirus\/#primaryimage","url":"https:\/\/amipaiessantmarcal.org\/wp-content\/uploads\/2020\/03\/Infografia_nuevo_coronavirus-scaled-1.jpg","contentUrl":"https:\/\/amipaiessantmarcal.org\/wp-content\/uploads\/2020\/03\/Infografia_nuevo_coronavirus-scaled-1.jpg","width":1927,"height":2560},{"@type":"BreadcrumbList","@id":"https:\/\/amipaiessantmarcal.org\/index.php\/2020\/03\/02\/comunicat-coronavirus\/#breadcrumb","itemListElement":[{"@type":"ListItem","position":1,"name":"Home","item":"https:\/\/amipaiessantmarcal.org\/"},{"@type":"ListItem","position":2,"name":"COMUNICAT CORONAVIRUS"}]},{"@type":"WebSite","@id":"https:\/\/amipaiessantmarcal.org\/#website","url":"https:\/\/amipaiessantmarcal.org\/","name":"AFA IES SANT MAR\u00c7AL","description":"Associaci\u00f3 de Fam\u00edlies de l&#039;Institut de Sant Mar\u00e7al, Marratxi.","publisher":{"@id":"https:\/\/amipaiessantmarcal.org\/#organization"},"potentialAction":[{"@type":"SearchAction","target":{"@type":"EntryPoint","urlTemplate":"https:\/\/amipaiessantmarcal.org\/?s={search_term_string}"},"query-input":{"@type":"PropertyValueSpecification","valueRequired":true,"valueName":"search_term_string"}}],"inLanguage":"es"},{"@type":"Organization","@id":"https:\/\/amipaiessantmarcal.org\/#organization","name":"AFA IES SANT MAR\u00c7AL","url":"https:\/\/amipaiessantmarcal.org\/","logo":{"@type":"ImageObject","inLanguage":"es","@id":"https:\/\/amipaiessantmarcal.org\/#\/schema\/logo\/image\/","url":"https:\/\/amipaiessantmarcal.org\/wp-content\/uploads\/2025\/06\/cropped-Logo-04.jpg","contentUrl":"https:\/\/amipaiessantmarcal.org\/wp-content\/uploads\/2025\/06\/cropped-Logo-04.jpg","width":189,"height":250,"caption":"AFA IES SANT MAR\u00c7AL"},"image":{"@id":"https:\/\/amipaiessantmarcal.org\/#\/schema\/logo\/image\/"}},{"@type":"Person","@id":"https:\/\/amipaiessantmarcal.org\/#\/schema\/person\/31ab78cbb0806981fac9e7ae368301e6","name":"admin","image":{"@type":"ImageObject","inLanguage":"es","@id":"https:\/\/amipaiessantmarcal.org\/#\/schema\/person\/image\/","url":"https:\/\/secure.gravatar.com\/avatar\/7cb5fd617fbb3e84ce94bfa3896f4a86?s=96&d=mm&r=g","contentUrl":"https:\/\/secure.gravatar.com\/avatar\/7cb5fd617fbb3e84ce94bfa3896f4a86?s=96&d=mm&r=g","caption":"admin"},"url":"https:\/\/amipaiessantmarcal.org\/index.php\/author\/amipaiessantmarcal\/"}]}},"_links":{"self":[{"href":"https:\/\/amipaiessantmarcal.org\/index.php\/wp-json\/wp\/v2\/posts\/160","targetHints":{"allow":["GET"]}}],"collection":[{"href":"https:\/\/amipaiessantmarcal.org\/index.php\/wp-json\/wp\/v2\/posts"}],"about":[{"href":"https:\/\/amipaiessantmarcal.org\/index.php\/wp-json\/wp\/v2\/types\/post"}],"author":[{"embeddable":true,"href":"https:\/\/amipaiessantmarcal.org\/index.php\/wp-json\/wp\/v2\/users\/1"}],"replies":[{"embeddable":true,"href":"https:\/\/amipaiessantmarcal.org\/index.php\/wp-json\/wp\/v2\/comments?post=160"}],"version-history":[{"count":4,"href":"https:\/\/amipaiessantmarcal.org\/index.php\/wp-json\/wp\/v2\/posts\/160\/revisions"}],"predecessor-version":[{"id":167,"href":"https:\/\/amipaiessantmarcal.org\/index.php\/wp-json\/wp\/v2\/posts\/160\/revisions\/167"}],"wp:attachment":[{"href":"https:\/\/amipaiessantmarcal.org\/index.php\/wp-json\/wp\/v2\/media?parent=160"}],"wp:term":[{"taxonomy":"category","embeddable":true,"href":"https:\/\/amipaiessantmarcal.org\/index.php\/wp-json\/wp\/v2\/categories?post=160"},{"taxonomy":"post_tag","embeddable":true,"href":"https:\/\/amipaiessantmarcal.org\/index.php\/wp-json\/wp\/v2\/tags?post=160"}],"curies":[{"name":"wp","href":"https:\/\/api.w.org\/{rel}","templated":true}]}}